{"id":967,"date":"2017-12-06T17:30:24","date_gmt":"2017-12-06T17:30:24","guid":{"rendered":"http:\/\/www.vigilanterodoviario.com.br\/retro\/?p=967"},"modified":"2017-12-06T17:33:31","modified_gmt":"2017-12-06T17:33:31","slug":"vale-a-pena-ler-de-novo-revista-autoesporte-compara-cores-do-novo-formula-1-da-renault-com-simca-chambord-do-vigilante-rodoviario","status":"publish","type":"post","link":"https:\/\/www.vigilanterodoviario.com.br\/retro\/vale-a-pena-ler-de-novo-revista-autoesporte-compara-cores-do-novo-formula-1-da-renault-com-simca-chambord-do-vigilante-rodoviario\/","title":{"rendered":"Vale a pena ler de novo: &#8220;Revista AutoEsporte compara cores do novo F\u00f3rmula 1 da Renault com Simca Chambord do Vigilante Rodovi\u00e1rio"},"content":{"rendered":"<p>Na <a href=\"http:\/\/revistaautoesporte.globo.com\/Formula-1\/noticia\/2017\/02\/novo-renault-e-lindo-ja-o-macacao-dos-pilotos.html\" rel=\"noopener\" target=\"_blank\">mat\u00e9ria<\/a> do dia 22 de fevereiro de 2017, o texto inicia assim: &#8216;Tal como Williams e Sauber, a Renault n\u00e3o errou a m\u00e3o no desenho de seu novo carro para a temporada 2017 da F\u00f3rmula 1, apresentado ontem (21) em evento em Londres, Inglaterra. E tamb\u00e9m caprichou na mescla do preto e do amarelo na pintura, que para os mais antigos deve ter causado uma grata nostalgia do Simca Chambord utilizado no cl\u00e1ssico seriado brasileiro \u201cO Vigilante Rodovi\u00e1rio\u201d.&#8217;<\/p>\n<p><!--more--><br \/>\n<strong>Homenagem ao Vigilante?<\/strong><\/p>\n<p><a href=\"http:\/\/www.vigilanterodoviario.com.br\/retro\/wp-content\/uploads\/2017\/12\/122599a.jpg\" rel=\"attachment wp-att-971\"><img loading=\"lazy\" decoding=\"async\" src=\"http:\/\/www.vigilanterodoviario.com.br\/retro\/wp-content\/uploads\/2017\/12\/122599a.jpg\" alt=\"Simca Chambord - Vigilante Rodovi\u00e1rio\" width=\"620\" height=\"413\" class=\"aligncenter size-full wp-image-971\" srcset=\"https:\/\/www.vigilanterodoviario.com.br\/retro\/wp-content\/uploads\/2017\/12\/122599a.jpg 620w, https:\/\/www.vigilanterodoviario.com.br\/retro\/wp-content\/uploads\/2017\/12\/122599a-300x200.jpg 300w\" sizes=\"auto, (max-width: 620px) 100vw, 620px\" \/><\/a><\/p>\n<p>Claro que as cores do R.S.17 n\u00e3o t\u00eam qualquer rela\u00e7\u00e3o com o Simca Chambord da foto acima, mas vale a lembran\u00e7a ao modelo do antigo seriado brasileiro de Ary Fernandes, &#8216;O Vigilante Rodovi\u00e1rio&#8217;.<\/p>\n<p><a href=\"http:\/\/revistaautoesporte.globo.com\/Formula-1\/noticia\/2017\/02\/novo-renault-e-lindo-ja-o-macacao-dos-pilotos.html\" rel=\"noopener\" target=\"_blank\">Leia a mat\u00e9ria completa!<\/a><\/p>\n<p><img loading=\"lazy\" decoding=\"async\" src=\"http:\/\/s2.glbimg.com\/bSuhkxBz9CJsOubR0GvpQZ3FQCI=\/620x413\/e.glbimg.com\/og\/ed\/f\/original\/2017\/02\/22\/ren04.jpg\" width=\"620\" height=\"413\" class=\"aligncenter\" \/><\/p>\n<hr>\n<p><em>Cr\u00e9ditos imagens: Divulga\u00e7\u00e3o<\/em><\/p>\n","protected":false},"excerpt":{"rendered":"<p>Na mat\u00e9ria do dia 22 de fevereiro de 2017, o texto inicia assim: &#8216;Tal como Williams e Sauber, a Renault n\u00e3o errou a m\u00e3o no desenho de seu novo carro para a temporada 2017 da F\u00f3rmula 1, apresentado ontem (21) em evento em Londres, Inglaterra. E tamb\u00e9m caprichou na mescla do preto e do amarelo &#8230; <a title=\"Vale a pena ler de novo: &#8220;Revista AutoEsporte compara cores do novo F\u00f3rmula 1 da Renault com Simca Chambord do Vigilante Rodovi\u00e1rio\" class=\"read-more\" href=\"https:\/\/www.vigilanterodoviario.com.br\/retro\/vale-a-pena-ler-de-novo-revista-autoesporte-compara-cores-do-novo-formula-1-da-renault-com-simca-chambord-do-vigilante-rodoviario\/\">Acesse aqui<span class=\"screen-reader-text\">Vale a pena ler de novo: &#8220;Revista AutoEsporte compara cores do novo F\u00f3rmula 1 da Renault com Simca Chambord do Vigilante Rodovi\u00e1rio<\/span><\/a><\/p>\n","protected":false},"author":2,"featured_media":970,"comment_status":"closed","ping_status":"open","sticky":false,"template":"","format":"standard","meta":{"footnotes":""},"categories":[6],"tags":[],"class_list":["post-967","post","type-post","status-publish","format-standard","has-post-thumbnail","hentry","category-noticias"],"_links":{"self":[{"href":"https:\/\/www.vigilanterodoviario.com.br\/retro\/wp-json\/wp\/v2\/posts\/967","targetHints":{"allow":["GET"]}}],"collection":[{"href":"https:\/\/www.vigilanterodoviario.com.br\/retro\/wp-json\/wp\/v2\/posts"}],"about":[{"href":"https:\/\/www.vigilanterodoviario.com.br\/retro\/wp-json\/wp\/v2\/types\/post"}],"author":[{"embeddable":true,"href":"https:\/\/www.vigilanterodoviario.com.br\/retro\/wp-json\/wp\/v2\/users\/2"}],"replies":[{"embeddable":true,"href":"https:\/\/www.vigilanterodoviario.com.br\/retro\/wp-json\/wp\/v2\/comments?post=967"}],"version-history":[{"count":0,"href":"https:\/\/www.vigilanterodoviario.com.br\/retro\/wp-json\/wp\/v2\/posts\/967\/revisions"}],"wp:featuredmedia":[{"embeddable":true,"href":"https:\/\/www.vigilanterodoviario.com.br\/retro\/wp-json\/wp\/v2\/media\/970"}],"wp:attachment":[{"href":"https:\/\/www.vigilanterodoviario.com.br\/retro\/wp-json\/wp\/v2\/media?parent=967"}],"wp:term":[{"taxonomy":"category","embeddable":true,"href":"https:\/\/www.vigilanterodoviario.com.br\/retro\/wp-json\/wp\/v2\/categories?post=967"},{"taxonomy":"post_tag","embeddable":true,"href":"https:\/\/www.vigilanterodoviario.com.br\/retro\/wp-json\/wp\/v2\/tags?post=967"}],"curies":[{"name":"wp","href":"https:\/\/api.w.org\/{rel}","templated":true}]}}