{"id":951,"date":"2017-08-22T20:37:13","date_gmt":"2017-08-22T20:37:13","guid":{"rendered":"http:\/\/www.vigilanterodoviario.com.br\/retro\/?p=951"},"modified":"2017-08-24T21:06:04","modified_gmt":"2017-08-24T21:06:04","slug":"comando-da-policia-rodoviaria-inaugurou-acervo-historico-e-homenageou-o-vigilante-rodoviario","status":"publish","type":"post","link":"https:\/\/www.vigilanterodoviario.com.br\/retro\/comando-da-policia-rodoviaria-inaugurou-acervo-historico-e-homenageou-o-vigilante-rodoviario\/","title":{"rendered":"Comando da Pol\u00edcia Rodovi\u00e1ria inaugurou acervo hist\u00f3rico e homenageou O Vigilante Rodovi\u00e1rio"},"content":{"rendered":"<p>O Comando da Pol\u00edcia Rodovi\u00e1ria inaugurou acervo hist\u00f3rico, onde al\u00e9m de pe\u00e7as contando a hist\u00f3ria da corpora\u00e7\u00e3o, homenageou O Vigilante Rodovi\u00e1rio. Os filhos Vania Fernandes Pesce e Fernando Fernandes receberam o &#8220;Medalh\u00e3o do M\u00e9rito Policial Rodovi\u00e1rio&#8221; em nome do pai, Ary Fernandes (in memoriam) no Comando da Pol\u00edcia Rodovi\u00e1ria de S\u00e3o Paulo.<\/p>\n<p><!--more-->&#8220;Hoje foi um dia de muitas lembran\u00e7as, eu e o Fernando, meu irm\u00e3o, recebemos o &#8216;Medalh\u00e3o do M\u00e9rito Policial Rodovi\u00e1rio&#8217;, em nome de meu pai, Ary Fernandes (in memoriam) no Comando da Pol\u00edcia Rodovi\u00e1ria de S\u00e3o Paulo, por sua s\u00e9rie pioneira &#8216;O Vigilante Rodovi\u00e1rio&#8217;. Foi uma linda homenagem de grande emo\u00e7\u00e3o! Agrade\u00e7o o carinho e reconhecimento pelo trabalho de meu pai&#8221;, disse Vania Fernandes.<\/p>\n<p>Vigilante Rodovi\u00e1rio, a s\u00e9rie de cap\u00edtulos que foram ao ar na extinta TV Tupi. Apresentado nas quartas feiras, entre os anos de 1960 e 1962, foi a primeira s\u00e9rie feita para a televis\u00e3o na Am\u00e9rica Latina. O sucesso dos cap\u00edtulos fez com que a s\u00e9rie fosse tamb\u00e9m para os cinemas. <\/p>\n<p>Estavam presentes \u00e0 cerim\u00f4nia o Comandante Geral da Pol\u00edcia Militar do Estado de S\u00e3o Paulo, Coronel Luiz Henrique Di Jacinto, o Comandante da Policia Militar do Estado de S\u00e3o Paulo, Coronel Nivaldo Cesar Restivo, o Sub Comandante da Pol\u00edcia Militar do Estado de S\u00e3o Paulo, Mauro Ricciarelli e Carlos Miranda, que viveu o personagem Carlos na s\u00e9rie, al\u00e9m demais autoridades. <\/p>\n<p>O acervo fica na sede do Comando da Policia Rodovi\u00e1ria do Estado de S\u00e3o Paulo, na Avenida do Estado, 777, quase esquina com a Avenida Santos Dumont e estar\u00e1 aberto ao p\u00fablico no hor\u00e1rio comercial. <\/p>\n<p>Confira mais imagens do evento:<\/p>\n\r\n<a href=\"https:\/\/www.vigilanterodoviario.com.br\/retro\/wp-content\/gallery\/homenagem240817\/image_001.jpg\" title=\"\" rel=\"lightbox[singlepic49]\" >\r\n\t<img decoding=\"async\" class=\"ngg-singlepic ngg-center\" src=\"https:\/\/www.vigilanterodoviario.com.br\/retro\/wp-content\/gallery\/cache\/49__500x_image_001.jpg\" alt=\"Familiares recebem a homenagem do Sub Comandante da Pol\u00edcia Militar do Estado de S\u00e3o Paulo, Mauro Ricciarelli \" title=\"Familiares recebem a homenagem do Sub Comandante da Pol\u00edcia Militar do Estado de S\u00e3o Paulo, Mauro Ricciarelli \" \/>\r\n<\/a>\r\n\n\r\n<a href=\"https:\/\/www.vigilanterodoviario.com.br\/retro\/wp-content\/gallery\/homenagem240817\/image_002.jpg\" title=\"\" rel=\"lightbox[singlepic50]\" >\r\n\t<img decoding=\"async\" class=\"ngg-singlepic ngg-center\" src=\"https:\/\/www.vigilanterodoviario.com.br\/retro\/wp-content\/gallery\/cache\/50__500x_image_002.jpg\" alt=\"Familiares de Ary Fernandes com  Carlos Miranda\" title=\"Familiares de Ary Fernandes com  Carlos Miranda\" \/>\r\n<\/a>\r\n\n\r\n<a href=\"https:\/\/www.vigilanterodoviario.com.br\/retro\/wp-content\/gallery\/homenagem240817\/image_003.jpg\" title=\"\" rel=\"lightbox[singlepic51]\" >\r\n\t<img decoding=\"async\" class=\"ngg-singlepic ngg-center\" src=\"https:\/\/www.vigilanterodoviario.com.br\/retro\/wp-content\/gallery\/cache\/51__500x_image_003.jpg\" alt=\"Inaugura\u00e7\u00e3o do Acervo Hist\u00f3rico da Pol\u00edcia Rodovi\u00e1ria\" title=\"Inaugura\u00e7\u00e3o do Acervo Hist\u00f3rico da Pol\u00edcia Rodovi\u00e1ria\" \/>\r\n<\/a>\r\n\n\r\n<a href=\"https:\/\/www.vigilanterodoviario.com.br\/retro\/wp-content\/gallery\/homenagem240817\/image_004.jpg\" title=\"\" rel=\"lightbox[singlepic52]\" >\r\n\t<img decoding=\"async\" class=\"ngg-singlepic ngg-center\" src=\"https:\/\/www.vigilanterodoviario.com.br\/retro\/wp-content\/gallery\/cache\/52__500x_image_004.jpg\" alt=\"Inaugura\u00e7\u00e3o do Acervo Hist\u00f3rico da Pol\u00edcia Rodovi\u00e1ria\" title=\"Inaugura\u00e7\u00e3o do Acervo Hist\u00f3rico da Pol\u00edcia Rodovi\u00e1ria\" \/>\r\n<\/a>\r\n\n\r\n<a href=\"https:\/\/www.vigilanterodoviario.com.br\/retro\/wp-content\/gallery\/homenagem240817\/image_005.jpg\" title=\"\" rel=\"lightbox[singlepic53]\" >\r\n\t<img decoding=\"async\" class=\"ngg-singlepic ngg-center\" src=\"https:\/\/www.vigilanterodoviario.com.br\/retro\/wp-content\/gallery\/cache\/53__500x_image_005.jpg\" alt=\"Inaugura\u00e7\u00e3o do Acervo Hist\u00f3rico da Pol\u00edcia Rodovi\u00e1ria\" title=\"Inaugura\u00e7\u00e3o do Acervo Hist\u00f3rico da Pol\u00edcia Rodovi\u00e1ria\" \/>\r\n<\/a>\r\n\n<hr>\n<p>Com informa\u00e7\u00f5es de Cl\u00e1udio Larangeira do <a href=\"http:\/\/autoestrada.uol.com.br\/noticia\/1-noticias\/2613-homenagem-ao-vigilante-rodoviario\" target=\"_blank\">Auto Estrada<\/a>.<\/p>\n","protected":false},"excerpt":{"rendered":"<p>O Comando da Pol\u00edcia Rodovi\u00e1ria inaugurou acervo hist\u00f3rico, onde al\u00e9m de pe\u00e7as contando a hist\u00f3ria da corpora\u00e7\u00e3o, homenageou O Vigilante Rodovi\u00e1rio. Os filhos Vania Fernandes Pesce e Fernando Fernandes receberam o &#8220;Medalh\u00e3o do M\u00e9rito Policial Rodovi\u00e1rio&#8221; em nome do pai, Ary Fernandes (in memoriam) no Comando da Pol\u00edcia Rodovi\u00e1ria de S\u00e3o Paulo.<\/p>\n","protected":false},"author":2,"featured_media":956,"comment_status":"closed","ping_status":"open","sticky":false,"template":"","format":"standard","meta":{"footnotes":""},"categories":[6],"tags":[],"class_list":["post-951","post","type-post","status-publish","format-standard","has-post-thumbnail","hentry","category-noticias"],"_links":{"self":[{"href":"https:\/\/www.vigilanterodoviario.com.br\/retro\/wp-json\/wp\/v2\/posts\/951","targetHints":{"allow":["GET"]}}],"collection":[{"href":"https:\/\/www.vigilanterodoviario.com.br\/retro\/wp-json\/wp\/v2\/posts"}],"about":[{"href":"https:\/\/www.vigilanterodoviario.com.br\/retro\/wp-json\/wp\/v2\/types\/post"}],"author":[{"embeddable":true,"href":"https:\/\/www.vigilanterodoviario.com.br\/retro\/wp-json\/wp\/v2\/users\/2"}],"replies":[{"embeddable":true,"href":"https:\/\/www.vigilanterodoviario.com.br\/retro\/wp-json\/wp\/v2\/comments?post=951"}],"version-history":[{"count":0,"href":"https:\/\/www.vigilanterodoviario.com.br\/retro\/wp-json\/wp\/v2\/posts\/951\/revisions"}],"wp:featuredmedia":[{"embeddable":true,"href":"https:\/\/www.vigilanterodoviario.com.br\/retro\/wp-json\/wp\/v2\/media\/956"}],"wp:attachment":[{"href":"https:\/\/www.vigilanterodoviario.com.br\/retro\/wp-json\/wp\/v2\/media?parent=951"}],"wp:term":[{"taxonomy":"category","embeddable":true,"href":"https:\/\/www.vigilanterodoviario.com.br\/retro\/wp-json\/wp\/v2\/categories?post=951"},{"taxonomy":"post_tag","embeddable":true,"href":"https:\/\/www.vigilanterodoviario.com.br\/retro\/wp-json\/wp\/v2\/tags?post=951"}],"curies":[{"name":"wp","href":"https:\/\/api.w.org\/{rel}","templated":true}]}}