{"id":948,"date":"2017-08-23T19:50:44","date_gmt":"2017-08-23T19:50:44","guid":{"rendered":"http:\/\/www.vigilanterodoviario.com.br\/retro\/?p=948"},"modified":"2017-08-24T19:51:19","modified_gmt":"2017-08-24T19:51:19","slug":"campinas-shopping-recebe-mostras-com-tematica-das-forcas-armadas-e-forcas-policiais","status":"publish","type":"post","link":"https:\/\/www.vigilanterodoviario.com.br\/retro\/campinas-shopping-recebe-mostras-com-tematica-das-forcas-armadas-e-forcas-policiais\/","title":{"rendered":"Campinas Shopping recebe mostras com tem\u00e1tica das For\u00e7as Armadas e For\u00e7as Policiais"},"content":{"rendered":"<p>O Campinas Shopping recebe, a partir da pr\u00f3xima sexta-feira (25) at\u00e9 o dia 8 de setembro, a Mostra de Valoriza\u00e7\u00e3o das For\u00e7as Armadas e Policiais. Durante duas semanas a programa\u00e7\u00e3o reunir\u00e1 exposi\u00e7\u00e3o de viaturas hist\u00f3ricas e fardas, mostra tem\u00e1tica com trabalhos de artistas campineiros e apresenta\u00e7\u00f5es musicais. A abertura ser\u00e1 nesta sexta-feira (dia 25), \u00e0s 17 horas, com apresenta\u00e7\u00e3o da Banda da Pol\u00edcia Militar de Campinas, na marquise da entrada principal do centro de compras.<\/p>\n<p><!--more--><\/p>\n<p>A abertura solene do dia 25 marca o in\u00edcio da exposi\u00e7\u00e3o com viaturas hist\u00f3ricas, na Pra\u00e7a de Eventos da Seller. Entre os dias 25 e 31 de agosto, os clientes ter\u00e3o a oportunidade de conferir detalhes de tr\u00eas viaturas e 12 fardas das For\u00e7as Policiais (pol\u00edcias Federal, Militar, Civil, Rodovi\u00e1ria Federal, Guarda Municipal e Corpo de Bombeiros). Um dos destaques ser\u00e1 o ve\u00edculo usado no seriado de TV <strong>Vigilante Rodovi\u00e1rio<\/strong>, exibido nos anos 60.<\/p>\n<p><img decoding=\"async\" src=\"http:\/\/www.vigilanterodoviario.com.br\/retro\/wp-content\/uploads\/2017\/08\/122672.jpg\" alt=\"O Vigilante Rodovi\u00e1rio\" width=\"500\" class=\"aligncenter size-full wp-image-949\" srcset=\"https:\/\/www.vigilanterodoviario.com.br\/retro\/wp-content\/uploads\/2017\/08\/122672.jpg 556w, https:\/\/www.vigilanterodoviario.com.br\/retro\/wp-content\/uploads\/2017\/08\/122672-300x174.jpg 300w\" sizes=\"(max-width: 556px) 100vw, 556px\" \/><\/p>\n<p>J\u00e1 entre os dias 1 e 8 de setembro, a programa\u00e7\u00e3o abre espa\u00e7o para a exposi\u00e7\u00e3o com ve\u00edculos hist\u00f3ricos de colecionadores e fardas usadas atualmente pelas For\u00e7as Armadas (Marinha, Ex\u00e9rcito e Aeron\u00e1utica).<\/p>\n<p>A programa\u00e7\u00e3o integra a Semana de Valoriza\u00e7\u00e3o dos Integrantes das For\u00e7as Armadas e dos Profissionais de Seguran\u00e7a P\u00fablica e de Seguran\u00e7a Privada (lei 15.419\/17), realizada pela primeira vez no munic\u00edpio e idealizada pelo vereador Tenente Santini. Tamb\u00e9m comemora o Dia do Soldado (25 de agosto) e a Independ\u00eancia do Brasil (7 de setembro).<\/p>\n<p>De acordo com o major de Policia Militar, Jaime de Souza, um dos coordenadores da iniciativa, a exposi\u00e7\u00e3o das viaturas e das fardas tem o objetivo de apresentar ao p\u00fablico os ve\u00edculos que atuaram por anos ou d\u00e9cadas no patrulhamento ostensivo, combate a inc\u00eandios ou em situa\u00e7\u00f5es de conflitos. \u201cEsta exposi\u00e7\u00e3o nos possibilitar\u00e1 reviver os tempos \u00e1ureos de cada modalidade de policiamento. A ideia \u00e9 poder contar hist\u00f3rias aos nossos entes queridos, relembrar uma \u00e9poca n\u00e3o muito distante em que as For\u00e7as Policiais e as For\u00e7as Armadas eram mais valorizadas e respeitadas, e, por isso, a criminalidade era infinitamente menor. Vamos relembrar momentos hist\u00f3ricos do nosso pa\u00eds\u201d.<\/p>\n<p>MOSTRA PARALELA \u2013 Junto com a programa\u00e7\u00e3o da Mostra de Valoriza\u00e7\u00e3o das For\u00e7as Armadas e Policiais, o Campinas Shopping sediar\u00e1, tamb\u00e9m a partir do dia 25, uma exposi\u00e7\u00e3o de artistas pl\u00e1sticos campineiros, composta por trabalhos que retratam a tem\u00e1tica e cenas do cotidiano da atua\u00e7\u00e3o de Militares das For\u00e7as Armadas, Policiais Militares, Civis e Federais, Guardas Municipais e profissionais da seguran\u00e7a privada. A mostra ficar\u00e1 na Pra\u00e7a de Eventos da Seller e espa\u00e7o pr\u00f3ximo \u00e0 Joalheria Esmeralda. A abertura oficial ocorrer\u00e1 no dia 31, \u00e0s 20 horas, quando ser\u00e3o entregues medalhas e certificados aos artistas participantes.<\/p>\n<p>Segundo a fundadora e coordenadora do Centro Campineiro de Artes e Folclore, Marly Stracieri, respons\u00e1vel pela organiza\u00e7\u00e3o da mostra, ser\u00e3o expostas 33 obras de 30 artistas, al\u00e9m de 10 fotos com a mesma tem\u00e1tica, produzidas por oito fot\u00f3grafos, todos membros do Centro. \u201cAs t\u00e9cnicas usadas pelos artistas s\u00e3o pinturas em \u00f3leo sobre tela, pinturas em acr\u00edlica sobre tela e tamb\u00e9m t\u00e9cnicas mistas. Ser\u00e1 uma oportunidade interessante de observar trabalhos art\u00edsticos que reproduzem, com riqueza de detalhes, momentos vividos por profissionais atuantes nestas corpora\u00e7\u00f5es de seguran\u00e7a p\u00fablica\u201d, convida Marly.<\/p>\n<p>Os artistas expositores s\u00e3o Airton Aparecido Caruso, C\u00e9lia Paulino, Celly Inatomi, Eufrazia Fregonesi, Geni Fuzato Dagnoni, Haydee Guarita, Janethe Monteiro, Jo\u00e3o Almeida, Jo\u00e3o Batista (escultor), Joel Gon\u00e7alves, Jos\u00e9 Luiz Bonfante, Jos\u00e9 Roberto Ferreira, J\u00falia Pavan, Liza Ellwanger, Maria Celeste A. Roiuk, Mariah Andrade, M\u00e1rcia Leal, Marly Bonfante, Miriam Cook, Andrez Semini, Rafael Sosa, Renata de Oliveira, Semini Kwsta, Shirley Fantinatto, T\u00e2nia Said, Terezinha Ribeiro, Teresinha Grecchi, Tina Malfatti, Vera Bernardes e Vera Sofia.<\/p>\n<p>A exposi\u00e7\u00e3o fotogr\u00e1fica contar\u00e1 com trabalhos dos fot\u00f3grafos  Alexandre Akira Sassaki, Dalva Couto, Fatima Pedrosa, Josemar Giorgetti, Nadja Prado, Ralph de Almeida, Tatiane Gerolo e Thiago De Luca.<\/p>\n<p>APRESENTA\u00c7\u00d5ES MUSICAIS \u2013 Para dar um toque especial \u00e0 programa\u00e7\u00e3o, o major Paulo Monteiro Filho, do Corpo de Bombeiros de Campinas, far\u00e1 duas apresenta\u00e7\u00f5es musicais no Campinas Shopping. A primeira ser\u00e1 no dia 26 de agosto, \u00e0s 18 horas, e a segunda, no dia 30 de agosto, \u00e0s 19 horas. Ambas ocorrer\u00e3o na Pra\u00e7a da Seller, junto \u00e0 exposi\u00e7\u00e3o art\u00edstica. De acordo com o major e m\u00fasico, o p\u00fablico poder\u00e1 conferir, ao som de viol\u00e3o e voz, cl\u00e1ssicos da MPB entre outros estilos musicais.<\/p>\n<p>SEMANA DE VALORIZA\u00c7\u00c3O \u2013 O decreto que instituiu a Semana de Valoriza\u00e7\u00e3o dos Integrantes das For\u00e7as Armadas e dos Profissionais de Seguran\u00e7a P\u00fablica e de Seguran\u00e7a Privada \u00e9 de autoria do vereador Tenente Santini e foi assinado pelo prefeito de Campinas, Jonas Donizette, no m\u00eas de maio. A lei (15.419\/2017) prev\u00ea a celebra\u00e7\u00e3o do tema pelo munic\u00edpio na quarta semana do m\u00eas de agosto de cada ano. Na justificativa para a institui\u00e7\u00e3o da data, o parlamentar explica que o objetivo \u00e9 criar um v\u00ednculo maior entre as for\u00e7as de seguran\u00e7a e a sociedade a fim de melhorar substancialmente a efici\u00eancia do trabalho feito por todos os profissionais de seguran\u00e7a do munic\u00edpio.<\/p>\n<p>SERVI\u00c7O:<\/p>\n<p>Campinas Shopping recebe mostras tem\u00e1ticas sobre For\u00e7as Armadas e For\u00e7as Policiais<\/p>\n<p>25\/08 a 08\/09<\/p>\n<p>Avenida Jacy Teixeira de Camargo, 940<\/p>\n<p>Exposi\u00e7\u00e3o de viaturas e fardas das For\u00e7as Policiais<\/p>\n<p>Data: de 25\/8 a 31\/08<\/p>\n<p>Local: Pra\u00e7a de Eventos da Seller<\/p>\n<p>Abertura: 25\/08, \u00e0s 17 horas \u2013 Marquise da entrada principal<\/p>\n<p>Exposi\u00e7\u00e3o de telas e fotos com a tem\u00e1tica das For\u00e7as Armadas e Policiais<br \/>\nData: De 25\/8 a 08\/9<\/p>\n<p>Local: Pra\u00e7a de Eventos da Seller e espa\u00e7o pr\u00f3ximo \u00e0 Joalheria Esmeralda<\/p>\n<p>Abertura oficial: 31\/8, \u00e0s 20 horas<\/p>\n<p>presenta\u00e7\u00f5es musicais<\/p>\n<p>Major Monteiro &#8211; Corpo de Bombeiros de Campinas<br \/>\nVoz e Viol\u00e3o &#8211; MPB<\/p>\n<p>Datas:<br \/>\nDia 26\/8 \u2013 18 horas<br \/>\nDia 30\/8 \u2013 19 horas<br \/>\nLocal: Pra\u00e7a de Eventos da Seller<\/p>\n<p>Exposi\u00e7\u00e3o de viaturas e fardas das For\u00e7as Armadas<br \/>\nData: de 1\/9 a 8\/9<br \/>\nLocal: Pra\u00e7a de Eventos da Seller<\/p>\n<p>Texto do <a href=\"http:\/\/maisexpressao.com.br\/noticia\/campinas-shopping-recebe-mostras-com-tematica-das-forcas-armadas-e-forcas-policiais-39046.html\" target=\"_blank\">Jornal Mais Express\u00e3o<\/a>.<\/p>\n","protected":false},"excerpt":{"rendered":"<p>O Campinas Shopping recebe, a partir da pr\u00f3xima sexta-feira (25) at\u00e9 o dia 8 de setembro, a Mostra de Valoriza\u00e7\u00e3o das For\u00e7as Armadas e Policiais. Durante duas semanas a programa\u00e7\u00e3o reunir\u00e1 exposi\u00e7\u00e3o de viaturas hist\u00f3ricas e fardas, mostra tem\u00e1tica com trabalhos de artistas campineiros e apresenta\u00e7\u00f5es musicais. A abertura ser\u00e1 nesta sexta-feira (dia 25), \u00e0s &#8230; <a title=\"Campinas Shopping recebe mostras com tem\u00e1tica das For\u00e7as Armadas e For\u00e7as Policiais\" class=\"read-more\" href=\"https:\/\/www.vigilanterodoviario.com.br\/retro\/campinas-shopping-recebe-mostras-com-tematica-das-forcas-armadas-e-forcas-policiais\/\">Acesse aqui<span class=\"screen-reader-text\">Campinas Shopping recebe mostras com tem\u00e1tica das For\u00e7as Armadas e For\u00e7as Policiais<\/span><\/a><\/p>\n","protected":false},"author":2,"featured_media":0,"comment_status":"closed","ping_status":"open","sticky":false,"template":"","format":"standard","meta":{"footnotes":""},"categories":[6],"tags":[],"class_list":["post-948","post","type-post","status-publish","format-standard","hentry","category-noticias"],"_links":{"self":[{"href":"https:\/\/www.vigilanterodoviario.com.br\/retro\/wp-json\/wp\/v2\/posts\/948","targetHints":{"allow":["GET"]}}],"collection":[{"href":"https:\/\/www.vigilanterodoviario.com.br\/retro\/wp-json\/wp\/v2\/posts"}],"about":[{"href":"https:\/\/www.vigilanterodoviario.com.br\/retro\/wp-json\/wp\/v2\/types\/post"}],"author":[{"embeddable":true,"href":"https:\/\/www.vigilanterodoviario.com.br\/retro\/wp-json\/wp\/v2\/users\/2"}],"replies":[{"embeddable":true,"href":"https:\/\/www.vigilanterodoviario.com.br\/retro\/wp-json\/wp\/v2\/comments?post=948"}],"version-history":[{"count":0,"href":"https:\/\/www.vigilanterodoviario.com.br\/retro\/wp-json\/wp\/v2\/posts\/948\/revisions"}],"wp:attachment":[{"href":"https:\/\/www.vigilanterodoviario.com.br\/retro\/wp-json\/wp\/v2\/media?parent=948"}],"wp:term":[{"taxonomy":"category","embeddable":true,"href":"https:\/\/www.vigilanterodoviario.com.br\/retro\/wp-json\/wp\/v2\/categories?post=948"},{"taxonomy":"post_tag","embeddable":true,"href":"https:\/\/www.vigilanterodoviario.com.br\/retro\/wp-json\/wp\/v2\/tags?post=948"}],"curies":[{"name":"wp","href":"https:\/\/api.w.org\/{rel}","templated":true}]}}