{"id":936,"date":"2017-02-27T14:07:01","date_gmt":"2017-02-27T14:07:01","guid":{"rendered":"http:\/\/www.vigilanterodoviario.com.br\/retro\/?p=936"},"modified":"2017-02-27T14:07:48","modified_gmt":"2017-02-27T14:07:48","slug":"eterno-trapalhao-dede-santana-lembra-de-ary-fernandes","status":"publish","type":"post","link":"https:\/\/www.vigilanterodoviario.com.br\/retro\/eterno-trapalhao-dede-santana-lembra-de-ary-fernandes\/","title":{"rendered":"Eterno trapalh\u00e3o: Ded\u00e9 Santana lembra de Ary Fernandes"},"content":{"rendered":"<p>Sobre o filme de 1981, al\u00e9m da saudade de Mussum e Zacarias, o que mais vem \u00e0 lembran\u00e7a \u00e9 a experi\u00eancia na dire\u00e7\u00e3o de algumas cenas. \u201cToda aquela parte dos Estados Unidos fui eu que dirigi. Antes de ser ator, tinha o sonho de ser diretor e fiz um curso com o Ary Fernandes, que criou a primeira s\u00e9rie brasileira, \u2018Vigilante Rodovi\u00e1rio\u2019&#8221;, disse Ded\u00e9 Santana em entrevista.<\/p>\n<p><!--more-->Mandried Sant\u2019Anna est\u00e1 novamente na pele de Ded\u00e9, no filme \u201cOs Saltimbancos Trapalh\u00f5es \u2013 Rumo a Hollywood\u201d, em cartaz nos cinemas. Mas quem quiser v\u00ea-lo em carne e osso ter\u00e1 duas chances: a pe\u00e7a \u201cA \u00daltima Vida de um Gato\u201d \u00e9 uma das atra\u00e7\u00f5es da 43\u00aa Campanha de Populariza\u00e7\u00e3o Teatro &#038; Dan\u00e7a, com sess\u00f5es no Grande Teatro do Pal\u00e1cio das Artes.<\/p>\n<p>As ra\u00edzes mineiras se devem ao circo, cen\u00e1rio e tema de \u201cOs Saltimbancos Trapalh\u00f5es\u201d, que, como ele faz quest\u00e3o de frisar, tem uma hist\u00f3ria diferente em rela\u00e7\u00e3o ao filme de mesmo nome, lan\u00e7ado em 1981 e um dos maiores sucessos de Didi, Ded\u00e9, Mussum e Zacarias. O novo longa tem Didi tamb\u00e9m, mas \u00e9 um musical, baseado em pe\u00e7a de Charles M\u00f6eller e Claudio Botelho.<\/p>\n<p>\u201c\u00c9 uma coisa in\u00e9dita no cinema mundial: dois personagens, Didi e Ded\u00e9, que retornam 35 anos depois. Eu, particularmente, fiquei muito emocionado. Nasci no circo. Minha fam\u00edlia \u00e9 toda circense. Quando entro num picadeiro, eu me torno um embaixador do circo no Brasil\u201d, assinala Ded\u00e9, que quase saiu do quadro, numa das sequ\u00eancias capitais do filme, quando todo elenco entra no picadeiro. <\/p>\n<p>\u201cEu teria que ser um dos primeiros a entrar e ficar ao lado de Renato (Arag\u00e3o, int\u00e9rprete do Didi), na frente. Mas fiquei esperando o Mussum e o Zacarias para entrarmos juntos&#8230; Acabei me atrasando. Foi a Colinha (Let\u00edcia Colin, que faz a filha do dono do circo prestes a ser vendido) que me empurrou para frente. Quase n\u00e3o consegui ir\u201d, lembra.<\/p>\n<p>Assista a entrevista completa <a href=\"http:\/\/hojeemdia.com.br\/almanaque\/eterno-trapalh%C3%A3o-ded%C3%A9-santana-pode-ser-visto-no-pal%C3%A1cio-das-artes-e-nos-cinemas-da-capital-1.442202\" target=\"_blank\">aqui<\/a>!<\/p>\n<p><img loading=\"lazy\" decoding=\"async\" src=\"http:\/\/www.vigilanterodoviario.com.br\/retro\/wp-content\/uploads\/2017\/02\/122855.jpg\" alt=\"Ded\u00e9 Santana e Renato Arag\u00e3o\" width=\"653\" height=\"742\" class=\"aligncenter size-full wp-image-937\" srcset=\"https:\/\/www.vigilanterodoviario.com.br\/retro\/wp-content\/uploads\/2017\/02\/122855.jpg 653w, https:\/\/www.vigilanterodoviario.com.br\/retro\/wp-content\/uploads\/2017\/02\/122855-264x300.jpg 264w\" sizes=\"auto, (max-width: 653px) 100vw, 653px\" \/><\/p>\n","protected":false},"excerpt":{"rendered":"<p>Sobre o filme de 1981, al\u00e9m da saudade de Mussum e Zacarias, o que mais vem \u00e0 lembran\u00e7a \u00e9 a experi\u00eancia na dire\u00e7\u00e3o de algumas cenas. \u201cToda aquela parte dos Estados Unidos fui eu que dirigi. Antes de ser ator, tinha o sonho de ser diretor e fiz um curso com o Ary Fernandes, que &#8230; <a title=\"Eterno trapalh\u00e3o: Ded\u00e9 Santana lembra de Ary Fernandes\" class=\"read-more\" href=\"https:\/\/www.vigilanterodoviario.com.br\/retro\/eterno-trapalhao-dede-santana-lembra-de-ary-fernandes\/\">Acesse aqui<span class=\"screen-reader-text\">Eterno trapalh\u00e3o: Ded\u00e9 Santana lembra de Ary Fernandes<\/span><\/a><\/p>\n","protected":false},"author":2,"featured_media":0,"comment_status":"closed","ping_status":"open","sticky":false,"template":"","format":"standard","meta":{"footnotes":""},"categories":[6],"tags":[],"class_list":["post-936","post","type-post","status-publish","format-standard","hentry","category-noticias"],"_links":{"self":[{"href":"https:\/\/www.vigilanterodoviario.com.br\/retro\/wp-json\/wp\/v2\/posts\/936","targetHints":{"allow":["GET"]}}],"collection":[{"href":"https:\/\/www.vigilanterodoviario.com.br\/retro\/wp-json\/wp\/v2\/posts"}],"about":[{"href":"https:\/\/www.vigilanterodoviario.com.br\/retro\/wp-json\/wp\/v2\/types\/post"}],"author":[{"embeddable":true,"href":"https:\/\/www.vigilanterodoviario.com.br\/retro\/wp-json\/wp\/v2\/users\/2"}],"replies":[{"embeddable":true,"href":"https:\/\/www.vigilanterodoviario.com.br\/retro\/wp-json\/wp\/v2\/comments?post=936"}],"version-history":[{"count":0,"href":"https:\/\/www.vigilanterodoviario.com.br\/retro\/wp-json\/wp\/v2\/posts\/936\/revisions"}],"wp:attachment":[{"href":"https:\/\/www.vigilanterodoviario.com.br\/retro\/wp-json\/wp\/v2\/media?parent=936"}],"wp:term":[{"taxonomy":"category","embeddable":true,"href":"https:\/\/www.vigilanterodoviario.com.br\/retro\/wp-json\/wp\/v2\/categories?post=936"},{"taxonomy":"post_tag","embeddable":true,"href":"https:\/\/www.vigilanterodoviario.com.br\/retro\/wp-json\/wp\/v2\/tags?post=936"}],"curies":[{"name":"wp","href":"https:\/\/api.w.org\/{rel}","templated":true}]}}