{"id":883,"date":"2016-07-24T21:26:22","date_gmt":"2016-07-24T21:26:22","guid":{"rendered":"http:\/\/www.vigilanterodoviario.com.br\/retro\/?p=883"},"modified":"2016-10-15T21:27:54","modified_gmt":"2016-10-15T21:27:54","slug":"policia-militar-do-estado-de-sao-paulo-cancao-do-policiamento-rodoviario","status":"publish","type":"post","link":"https:\/\/www.vigilanterodoviario.com.br\/retro\/policia-militar-do-estado-de-sao-paulo-cancao-do-policiamento-rodoviario\/","title":{"rendered":"Pol\u00edcia Militar do Estado de S\u00e3o Paulo: Can\u00e7\u00e3o do Policiamento Rodovi\u00e1rio"},"content":{"rendered":"<p><!--more--><br \/>\n<em>Letra e M\u00fasica do Cabo PM M\u00e1rio Celso dos Santos.<br \/>\nArranjo do 1\u00ba Sargento M\u00fasico PM Elias Jos\u00e9 dos Santos.<br \/>\nAdapta\u00e7\u00e3o da s\u00e9rie \u201cVigilante Rodovi\u00e1rio\u201d, produzido e dirigido por Ary Fernandes.<\/em><\/p>\n<p>De noite ou de dia<br \/>\nSempre firme no volante<br \/>\nVai pela rodovia<br \/>\n\u00c9 o bravo vigilante<br \/>\nPatrulheiro rodovi\u00e1rio<br \/>\nForte, firme e confiante<br \/>\nNosso amigo e camarada<br \/>\nDa estrada ele \u00e9 o vigilante!<\/p>\n<p>S\u00e3o os anjos do asfalto<br \/>\nA Pol\u00edcia Rodovi\u00e1ria<br \/>\nDo Estado de S\u00e3o Paulo<\/p>\n<p>Na serra ou no planalto<br \/>\nNas estradas sinuosas<br \/>\nNeblina chuva e noite<br \/>\nO perigo \u00e9 constante<br \/>\nDirija com cuidado<br \/>\nFique atento ao volante<br \/>\nRecomenda\u00e7\u00f5es do dia<br \/>\nLend\u00e1rio Vigilante Rodovi\u00e1rio<\/p>\n<p>S\u00e3o os anjos do asfalto<br \/>\nA Pol\u00edcia Rodovi\u00e1ria<br \/>\nDo Estado de S\u00e3o Paulo<\/p>\n<p>Guardi\u00e3o das rodovias<br \/>\nAudaz e solid\u00e1rio<br \/>\nSublime e respeitado<br \/>\nPelo seu nobre trabalho<br \/>\nA estrada, um cen\u00e1rio<br \/>\nUma hist\u00f3ria, um passado<br \/>\nHoje somos companheiros<br \/>\nDo bravo, Vigilante Rodovi\u00e1rio!<\/p>\n<p><a href=\"http:\/\/www.policiamilitar.sp.gov.br\/unidades\/cprv\/cancao_pmrv.asp\">Clique e ou\u00e7a a Can\u00e7\u00e3o do Policiamento Rodovi\u00e1rio!<\/a><\/p>\n","protected":false},"excerpt":{"rendered":"","protected":false},"author":2,"featured_media":0,"comment_status":"closed","ping_status":"open","sticky":false,"template":"","format":"standard","meta":{"footnotes":""},"categories":[6],"tags":[],"class_list":["post-883","post","type-post","status-publish","format-standard","hentry","category-noticias"],"_links":{"self":[{"href":"https:\/\/www.vigilanterodoviario.com.br\/retro\/wp-json\/wp\/v2\/posts\/883","targetHints":{"allow":["GET"]}}],"collection":[{"href":"https:\/\/www.vigilanterodoviario.com.br\/retro\/wp-json\/wp\/v2\/posts"}],"about":[{"href":"https:\/\/www.vigilanterodoviario.com.br\/retro\/wp-json\/wp\/v2\/types\/post"}],"author":[{"embeddable":true,"href":"https:\/\/www.vigilanterodoviario.com.br\/retro\/wp-json\/wp\/v2\/users\/2"}],"replies":[{"embeddable":true,"href":"https:\/\/www.vigilanterodoviario.com.br\/retro\/wp-json\/wp\/v2\/comments?post=883"}],"version-history":[{"count":0,"href":"https:\/\/www.vigilanterodoviario.com.br\/retro\/wp-json\/wp\/v2\/posts\/883\/revisions"}],"wp:attachment":[{"href":"https:\/\/www.vigilanterodoviario.com.br\/retro\/wp-json\/wp\/v2\/media?parent=883"}],"wp:term":[{"taxonomy":"category","embeddable":true,"href":"https:\/\/www.vigilanterodoviario.com.br\/retro\/wp-json\/wp\/v2\/categories?post=883"},{"taxonomy":"post_tag","embeddable":true,"href":"https:\/\/www.vigilanterodoviario.com.br\/retro\/wp-json\/wp\/v2\/tags?post=883"}],"curies":[{"name":"wp","href":"https:\/\/api.w.org\/{rel}","templated":true}]}}