{"id":881,"date":"2016-06-25T20:59:33","date_gmt":"2016-06-25T20:59:33","guid":{"rendered":"http:\/\/www.vigilanterodoviario.com.br\/retro\/?p=881"},"modified":"2016-10-15T21:02:34","modified_gmt":"2016-10-15T21:02:34","slug":"miguel-arcanjo-prado-fernanda-montenegro-e-vigilante-rodoviario-dominam-noite-no-cineop-em-ouro-preto","status":"publish","type":"post","link":"https:\/\/www.vigilanterodoviario.com.br\/retro\/miguel-arcanjo-prado-fernanda-montenegro-e-vigilante-rodoviario-dominam-noite-no-cineop-em-ouro-preto\/","title":{"rendered":"Miguel Arcanjo Prado: Fernanda Montenegro e Vigilante Rodovi\u00e1rio dominam noite no CineOP em Ouro Preto"},"content":{"rendered":"<p>A noite desta sexta-feira (24) na 11\u00aa CineOP \u2013 Mostra de Cinema de Ouro Preto foi dominada pela maior atriz do Brasil, Fernanda Montenegro, e tamb\u00e9m pelo her\u00f3i infantil dos prim\u00f3rdios da TV brasileira, O Vigilante Rodovi\u00e1rio. Em sess\u00e3o ao ar livre na pra\u00e7a Tiradentes, cora\u00e7\u00e3o de Ouro Preto, o p\u00fablico assistiu a tr\u00eas epis\u00f3dios da c\u00e9lebre s\u00e9rie O Vigilante Rodovi\u00e1rio, pioneira neste formato no Brasil, exibida na d\u00e9cada de 1960 pela TV Tupi sob dire\u00e7\u00e3o de Ary Fernandes.<\/p>\n<p><!--more--><\/p>\n<p><a href=\"http:\/\/www.miguelarcanjoprado.com\/2016\/06\/25\/fernanda-montenegro-e-vigilante-rodoviario-dominam-noite-em-ouro-preto-cineop\/\" target=\"_blank\">Leia mat\u00e9ria completa de Miguel Arcanjo Prado&#8230;<\/a><\/p>\n<p><img decoding=\"async\" src=\"http:\/\/www.miguelarcanjoprado.com\/wp-content\/uploads\/2016\/06\/doce-de-mae.jpg\" width=\"590\" class=\"alignleft\" \/><\/p>\n<p><img decoding=\"async\" src=\"http:\/\/www.miguelarcanjoprado.com\/wp-content\/uploads\/2016\/06\/vigilante-rodoviario.jpg\" width=\"590\" class=\"alignleft\" \/><\/p>\n","protected":false},"excerpt":{"rendered":"<p>A noite desta sexta-feira (24) na 11\u00aa CineOP \u2013 Mostra de Cinema de Ouro Preto foi dominada pela maior atriz do Brasil, Fernanda Montenegro, e tamb\u00e9m pelo her\u00f3i infantil dos prim\u00f3rdios da TV brasileira, O Vigilante Rodovi\u00e1rio. Em sess\u00e3o ao ar livre na pra\u00e7a Tiradentes, cora\u00e7\u00e3o de Ouro Preto, o p\u00fablico assistiu a tr\u00eas epis\u00f3dios &#8230; <a title=\"Miguel Arcanjo Prado: Fernanda Montenegro e Vigilante Rodovi\u00e1rio dominam noite no CineOP em Ouro Preto\" class=\"read-more\" href=\"https:\/\/www.vigilanterodoviario.com.br\/retro\/miguel-arcanjo-prado-fernanda-montenegro-e-vigilante-rodoviario-dominam-noite-no-cineop-em-ouro-preto\/\">Acesse aqui<span class=\"screen-reader-text\">Miguel Arcanjo Prado: Fernanda Montenegro e Vigilante Rodovi\u00e1rio dominam noite no CineOP em Ouro Preto<\/span><\/a><\/p>\n","protected":false},"author":2,"featured_media":0,"comment_status":"closed","ping_status":"open","sticky":false,"template":"","format":"standard","meta":{"footnotes":""},"categories":[6],"tags":[],"class_list":["post-881","post","type-post","status-publish","format-standard","hentry","category-noticias"],"_links":{"self":[{"href":"https:\/\/www.vigilanterodoviario.com.br\/retro\/wp-json\/wp\/v2\/posts\/881","targetHints":{"allow":["GET"]}}],"collection":[{"href":"https:\/\/www.vigilanterodoviario.com.br\/retro\/wp-json\/wp\/v2\/posts"}],"about":[{"href":"https:\/\/www.vigilanterodoviario.com.br\/retro\/wp-json\/wp\/v2\/types\/post"}],"author":[{"embeddable":true,"href":"https:\/\/www.vigilanterodoviario.com.br\/retro\/wp-json\/wp\/v2\/users\/2"}],"replies":[{"embeddable":true,"href":"https:\/\/www.vigilanterodoviario.com.br\/retro\/wp-json\/wp\/v2\/comments?post=881"}],"version-history":[{"count":0,"href":"https:\/\/www.vigilanterodoviario.com.br\/retro\/wp-json\/wp\/v2\/posts\/881\/revisions"}],"wp:attachment":[{"href":"https:\/\/www.vigilanterodoviario.com.br\/retro\/wp-json\/wp\/v2\/media?parent=881"}],"wp:term":[{"taxonomy":"category","embeddable":true,"href":"https:\/\/www.vigilanterodoviario.com.br\/retro\/wp-json\/wp\/v2\/categories?post=881"},{"taxonomy":"post_tag","embeddable":true,"href":"https:\/\/www.vigilanterodoviario.com.br\/retro\/wp-json\/wp\/v2\/tags?post=881"}],"curies":[{"name":"wp","href":"https:\/\/api.w.org\/{rel}","templated":true}]}}