{"id":1486,"date":"2025-02-17T14:05:53","date_gmt":"2025-02-17T14:05:53","guid":{"rendered":"https:\/\/www.vigilanterodoviario.com.br\/retro\/?p=1486"},"modified":"2025-02-17T21:00:12","modified_gmt":"2025-02-17T21:00:12","slug":"falece-carlos-miranda-ator-do-primeiro-seriado-produzido-especialmente-para-a-televisao-em-toda-a-america-latina","status":"publish","type":"post","link":"https:\/\/www.vigilanterodoviario.com.br\/retro\/falece-carlos-miranda-ator-do-primeiro-seriado-produzido-especialmente-para-a-televisao-em-toda-a-america-latina\/","title":{"rendered":"Falece Carlos Miranda, ator do primeiro seriado produzido especialmente para a televis\u00e3o em toda a Am\u00e9rica Latina"},"content":{"rendered":"<p>O tenente-coronel da Pol\u00edcia Militar de S\u00e3o Paulo Carlos Miranda, mais conhecido como Vigilante Rodovi\u00e1rio , faleceu nesta segunda-feira (17), aos 91 anos, em S\u00e3o Jo\u00e3o da Boa Vista, no interior paulista.<\/p>\n<p>Carlos Miranda foi o ator do primeiro seriado produzido especialmente para a televis\u00e3o (Vigilante Rodovi\u00e1rio) em toda a Am\u00e9rica Latina. Nasceu em S\u00e3o Paulo, em 29 de julho de 1933. As informa\u00e7\u00f5es est\u00e3o no site do Comando de Policiamento Rodovi\u00e1rio do Estado de S\u00e3o Paulo:<\/p>\n<blockquote><p>Com profunda tristeza, recebemos nesta manh\u00e3 a not\u00edcia do falecimento do Ten Cel PM Carlos Miranda, o eterno Vigilante Rodovi\u00e1rio. S\u00edmbolo de uma gera\u00e7\u00e3o, ele foi o primeiro super her\u00f3i brasileiro de uma s\u00e9rie de TV, deixando uma marca indel\u00e9vel em todos que o acompanharam. Sua criatividade, compet\u00eancia e dedica\u00e7\u00e3o o transformaram em um \u00edcone, que mais tarde se tornou um Policial Rodovi\u00e1rio.<\/p>\n<p>\u00c0 todos os fans e admiradores, informamos que o vel\u00f3rio ser\u00e1 realizado nesta segunda-feira (17), na Assembleia Legislativa de S\u00e3o Paulo \u00e0 partir da 15h30, aberto ao p\u00fablico, e o sepultamento ser\u00e1 em 18 de fevereiro de 2025, \u00e0s 10h, no Mausol\u00e9u da Pol\u00edcia Militar, situado no Cemit\u00e9rio do Ara\u00e7\u00e1 \u2013 Av. Dr. Arnaldo, 666 &#8211; Cerqueira C\u00e9sar, S\u00e3o Paulo.<\/p>\n<p><a href=\"https:\/\/www.facebook.com\/PoliciamentoRodoviarioPMESP\/posts\/pfbid02YGHshFunPbSWLJarRcYjQraSXuWUgqKrYuHTMT6MEfQyyTosmgGzSeuZKi6Bcx8Gl?__cft__[0]=AZUxt4a3Eb2SqhRiaNn0M2scaRam7wab6v3NcIrcwtngIWqAwxt7MxDb01Qf9qfypXjlzFryFYw2ewjGajXjQyWresz5UMQ7WylH1EoJJw2hV6NqR7RmzhfNgrrcdbRp5IEz-d9jXNyQu3hJ4H-VRK-GsuVtIub0vNNAFJel7UMbcwEi_yV-0Jk47YPj6ccAG8w&amp;__tn__=%2CO%2CP-R\"><img loading=\"lazy\" decoding=\"async\" class=\"aligncenter size-full\" src=\"https:\/\/scontent.fcxj3-1.fna.fbcdn.net\/v\/t39.30808-6\/480199263_1023482983143456_5037380543370052545_n.jpg?stp=dst-jpg_p526x296_tt6&amp;_nc_cat=105&amp;ccb=1-7&amp;_nc_sid=127cfc&amp;_nc_ohc=q2mVA7XirigQ7kNvgGHeIWu&amp;_nc_oc=AdirdJFiwmHY69s0_WMvz4SCPqX-Ha7DgkIn1DuCJIl4h4nD2sS4OsHDw1GYfNYk5-Y&amp;_nc_zt=23&amp;_nc_ht=scontent.fcxj3-1.fna&amp;_nc_gid=AMALy-_dTodJ4cFyegQYKPX&amp;oh=00_AYCMdaYnJvhmaRupTHGS5-BUJwXdTCkXVONTbyQOXmxdbA&amp;oe=67B919F3\" width=\"526\" height=\"526\" \/><\/a><\/p><\/blockquote>\n<div class=\"html-div xdj266r x11i5rnm xat24cr x1mh8g0r xexx8yu x4uap5 x18d9i69 xkhd6sd\" dir=\"auto\">\n<div class=\"html-div xdj266r x11i5rnm xat24cr x1mh8g0r xexx8yu x4uap5 x18d9i69 xkhd6sd\" data-ad-rendering-role=\"story_message\">\n<div id=\":r2d0:\" class=\"x1l90r2v x1iorvi4 x1ye3gou xn6708d\" data-ad-comet-preview=\"message\" data-ad-preview=\"message\">\n<div class=\"x78zum5 xdt5ytf xz62fqu x16ldp7u\">\n<div class=\"xu06os2 x1ok221b\">\n<div class=\"x11i5rnm xat24cr x1mh8g0r x1vvkbs xtlvy1s x126k92a\">\n<blockquote>\n<div dir=\"auto\">Assessoria de Imprensa CPRv.<\/div>\n<\/blockquote>\n<\/div>\n<\/div>\n<\/div>\n<\/div>\n<\/div>\n<\/div>\n<p><iframe loading=\"lazy\" style=\"border: none; overflow: hidden;\" src=\"https:\/\/www.facebook.com\/plugins\/page.php?href=https%3A%2F%2Fwww.facebook.com%2Fprocitel&amp;tabs=timeline&amp;width=520&amp;height=770&amp;small_header=false&amp;adapt_container_width=true&amp;hide_cover=true&amp;show_facepile=true\" width=\"520\" height=\"770\" frameborder=\"0\" scrolling=\"no\" allowfullscreen=\"allowfullscreen\"><\/iframe><\/p>\n<p><strong>Vigilante Rodovi\u00e1rio no J\u00f4 Soares Onze e Meia ( SBT ) 1991:<\/strong><br \/>\n<iframe loading=\"lazy\" title=\"YouTube video player\" src=\"https:\/\/www.youtube.com\/embed\/jcPfULjhw2g?si=U6qKQEG6yEztWWrD\" width=\"560\" height=\"315\" frameborder=\"0\" allowfullscreen=\"allowfullscreen\"><\/iframe><\/p>\n<p>Leia mais em:<\/p>\n<p><a href=\"https:\/\/ultimosegundo.ig.com.br\/brasil\/2025-02-17\/morre-vigilante-rodoviario.html.amp\" target=\"_blank\" rel=\"noopener\">https:\/\/ultimosegundo.ig.com.br\/brasil\/2025-02-17\/morre-vigilante-rodoviario.html.amp<\/a><\/p>\n","protected":false},"excerpt":{"rendered":"<p>O tenente-coronel da Pol\u00edcia Militar de S\u00e3o Paulo Carlos Miranda, mais conhecido como Vigilante Rodovi\u00e1rio , faleceu nesta segunda-feira (17), aos 91 anos, em S\u00e3o Jo\u00e3o da Boa Vista, no interior paulista. Carlos Miranda foi o ator do primeiro seriado produzido especialmente para a televis\u00e3o (Vigilante Rodovi\u00e1rio) em toda a Am\u00e9rica Latina. Nasceu em S\u00e3o &#8230; <a title=\"Falece Carlos Miranda, ator do primeiro seriado produzido especialmente para a televis\u00e3o em toda a Am\u00e9rica Latina\" class=\"read-more\" href=\"https:\/\/www.vigilanterodoviario.com.br\/retro\/falece-carlos-miranda-ator-do-primeiro-seriado-produzido-especialmente-para-a-televisao-em-toda-a-america-latina\/\">Acesse aqui<span class=\"screen-reader-text\">Falece Carlos Miranda, ator do primeiro seriado produzido especialmente para a televis\u00e3o em toda a Am\u00e9rica Latina<\/span><\/a><\/p>\n","protected":false},"author":2,"featured_media":1487,"comment_status":"closed","ping_status":"open","sticky":false,"template":"","format":"standard","meta":{"footnotes":""},"categories":[6],"tags":[],"class_list":["post-1486","post","type-post","status-publish","format-standard","has-post-thumbnail","hentry","category-noticias"],"_links":{"self":[{"href":"https:\/\/www.vigilanterodoviario.com.br\/retro\/wp-json\/wp\/v2\/posts\/1486","targetHints":{"allow":["GET"]}}],"collection":[{"href":"https:\/\/www.vigilanterodoviario.com.br\/retro\/wp-json\/wp\/v2\/posts"}],"about":[{"href":"https:\/\/www.vigilanterodoviario.com.br\/retro\/wp-json\/wp\/v2\/types\/post"}],"author":[{"embeddable":true,"href":"https:\/\/www.vigilanterodoviario.com.br\/retro\/wp-json\/wp\/v2\/users\/2"}],"replies":[{"embeddable":true,"href":"https:\/\/www.vigilanterodoviario.com.br\/retro\/wp-json\/wp\/v2\/comments?post=1486"}],"version-history":[{"count":10,"href":"https:\/\/www.vigilanterodoviario.com.br\/retro\/wp-json\/wp\/v2\/posts\/1486\/revisions"}],"predecessor-version":[{"id":1489,"href":"https:\/\/www.vigilanterodoviario.com.br\/retro\/wp-json\/wp\/v2\/posts\/1486\/revisions\/1489"}],"wp:featuredmedia":[{"embeddable":true,"href":"https:\/\/www.vigilanterodoviario.com.br\/retro\/wp-json\/wp\/v2\/media\/1487"}],"wp:attachment":[{"href":"https:\/\/www.vigilanterodoviario.com.br\/retro\/wp-json\/wp\/v2\/media?parent=1486"}],"wp:term":[{"taxonomy":"category","embeddable":true,"href":"https:\/\/www.vigilanterodoviario.com.br\/retro\/wp-json\/wp\/v2\/categories?post=1486"},{"taxonomy":"post_tag","embeddable":true,"href":"https:\/\/www.vigilanterodoviario.com.br\/retro\/wp-json\/wp\/v2\/tags?post=1486"}],"curies":[{"name":"wp","href":"https:\/\/api.w.org\/{rel}","templated":true}]}}