{"id":1435,"date":"2021-12-22T19:49:41","date_gmt":"2021-12-22T19:49:41","guid":{"rendered":"https:\/\/telaviva.com.br\/?p=380940"},"modified":"2021-12-22T19:49:41","modified_gmt":"2021-12-22T19:49:41","slug":"tv-brasil-estreia-a-serie-nacional-aguias-de-fogo","status":"publish","type":"post","link":"https:\/\/www.vigilanterodoviario.com.br\/retro\/tv-brasil-estreia-a-serie-nacional-aguias-de-fogo\/","title":{"rendered":"TV Brasil estreia a s\u00e9rie nacional &#8220;\u00c1guias de Fogo&#8221;"},"content":{"rendered":"<div class=\"td-post-featured-image\"><a href=\"https:\/\/www.vigilanterodoviario.com.br\/retro\/wp-content\/uploads\/2022\/12\/tv-brasil-estreia-a-serie-nacional-aguias-de-fogo.jpg\" data-caption=\"\" data-wpel-link=\"internal\"><\/p>\n<p><img loading=\"lazy\" decoding=\"async\" width=\"696\" height=\"457\" class=\"entry-thumb td-modal-image\" src=\"https:\/\/www.vigilanterodoviario.com.br\/retro\/wp-content\/uploads\/2022\/12\/tv-brasil-estreia-a-serie-nacional-aguias-de-fogo.jpg\" srcset=\"https:\/\/telaviva.com.br\/wp-content\/uploads\/2021\/12\/&#xE1;guias-de-fogo.jpg 696w, https:\/\/telaviva.com.br\/wp-content\/uploads\/2021\/12\/&#xE1;guias-de-fogo.jpg 1392w\" sizes=\"auto, (-webkit-min-device-pixel-ratio: 2) 1392px, (min-resolution: 192dpi) 1392px, 696px\" alt=\"\" title=\"&#xE1;guias de fogo\"\/><\/p>\n<p><\/a><\/div>\n<p>Cl\u00e1ssico da teledramaturgia brasileira, a s\u00e9rie &#8220;\u00c1guias de Fogo&#8221; estreia na programa\u00e7\u00e3o de ver\u00e3o da TV Brasil nesta quarta-feira, dia 22 de dezembro, \u00e0s 23h30.\u00a0<\/p>\n<p>O epis\u00f3dio inicial, intitulado &#8220;A Viagem&#8221;, revela os desafios de uma aterrissagem for\u00e7ada quando a tripula\u00e7\u00e3o enfrentar mau tempo rumo a uma miss\u00e3o. Lan\u00e7ada originalmente em 1968, na extinta TV Tupi, a obra \u00e9 a segunda produ\u00e7\u00e3o seriada para televis\u00e3o do pa\u00eds.<\/p>\n<p>O programa foi desenvolvido ap\u00f3s o sucesso da pioneira e consagrada atra\u00e7\u00e3o &#8220;O Vigilante Rodovi\u00e1rio&#8221;, primeira s\u00e9rie filmada em pel\u00edcula de cinema no Brasil, no in\u00edcio dos anos 1960. Os dois t\u00edtulos foram criados, dirigidos e produzidos pelo cineasta Ary Fernandes,que atua no elenco de <strong>&#8220;<\/strong>\u00c1guias de Fogo&#8221;.<\/p>\n<p>Os argumentos para os seus roteiros baseiam-se em atos registrados nos arquivos da For\u00e7a A\u00e9rea Brasileira. O enredo retratado no seriado concentra em um \u00fanico esquadr\u00e3o da FAB as aventuras vividas por centenas de aviadores atrav\u00e9s dos tempos.<\/p>\n<p>Com epis\u00f3dios de aproximadamente 22 minutos, a trama apresenta ocorr\u00eancias no interior do pa\u00eds voltadas para o resgate e o salvamento de acidentados. A valentia \u00e9 uma das qualidades dos personagens que, entre outras situa\u00e7\u00f5es pelos ares, desempenham fa\u00e7anhas e prestam servi\u00e7o \u00e0 p\u00e1tria.<\/p>\n<p>O elenco principal da trama \u00e9 formado por quatro atores que interpretam os aviadores de um esquadr\u00e3o que defende o espa\u00e7o a\u00e9reo nacional. Os protagonistas da s\u00e9rie s\u00e3o Dirceu Conte (Major Ricardo), Ary Fernandes (Capit\u00e3o C\u00e9sar), Roberto Bolant (Aspirante F\u00e1bio) e Edson Pereira (Sargento Fritz).<\/p>\n<p>A produ\u00e7\u00e3o ainda contou com o ator Ricardo N\u00f3voa que representou o Tenente Celso nos primeiros cap\u00edtulos do programa. &#8220;\u00c1guias de Fogo&#8221; tem participa\u00e7\u00f5es especiais de personalidades da dramaturgia nacional como Bete Mendes, Osmar Prado, Valentino Guzzo, Jofre Soares e Francisco Di Franco.<\/p>\n<p>Ao todo, o seriado teve 26 edi\u00e7\u00f5es das quais 23 foram recuperadas pela Cinemateca Brasileira a partir dos negativos originais. A TV Brasil mostra os conte\u00fados restaurados com in\u00edcio durante a programa\u00e7\u00e3o de ver\u00e3o da emissora p\u00fablica.<\/p>\n<p>Cr\u00e9ditos: telaviva.com.br<\/p>\n","protected":false},"excerpt":{"rendered":"<p>Cl\u00e1ssico da teledramaturgia brasileira, a s\u00e9rie &#8220;\u00c1guias de Fogo&#8221; estreia na programa\u00e7\u00e3o de ver\u00e3o da TV Brasil nesta quarta-feira, dia 22 de dezembro, \u00e0s 23h30.\u00a0 O epis\u00f3dio inicial, intitulado &#8220;A Viagem&#8221;, revela os desafios de uma aterrissagem for\u00e7ada quando a tripula\u00e7\u00e3o enfrentar mau tempo rumo a uma miss\u00e3o. Lan\u00e7ada originalmente em 1968, na extinta TV &#8230; <a title=\"TV Brasil estreia a s\u00e9rie nacional &#8220;\u00c1guias de Fogo&#8221;\" class=\"read-more\" href=\"https:\/\/www.vigilanterodoviario.com.br\/retro\/tv-brasil-estreia-a-serie-nacional-aguias-de-fogo\/\">Acesse aqui<span class=\"screen-reader-text\">TV Brasil estreia a s\u00e9rie nacional &#8220;\u00c1guias de Fogo&#8221;<\/span><\/a><\/p>\n","protected":false},"author":2,"featured_media":1436,"comment_status":"closed","ping_status":"closed","sticky":false,"template":"","format":"standard","meta":{"footnotes":""},"categories":[10,6],"tags":[],"class_list":["post-1435","post","type-post","status-publish","format-standard","has-post-thumbnail","hentry","category-na-imprensa","category-noticias"],"_links":{"self":[{"href":"https:\/\/www.vigilanterodoviario.com.br\/retro\/wp-json\/wp\/v2\/posts\/1435","targetHints":{"allow":["GET"]}}],"collection":[{"href":"https:\/\/www.vigilanterodoviario.com.br\/retro\/wp-json\/wp\/v2\/posts"}],"about":[{"href":"https:\/\/www.vigilanterodoviario.com.br\/retro\/wp-json\/wp\/v2\/types\/post"}],"author":[{"embeddable":true,"href":"https:\/\/www.vigilanterodoviario.com.br\/retro\/wp-json\/wp\/v2\/users\/2"}],"replies":[{"embeddable":true,"href":"https:\/\/www.vigilanterodoviario.com.br\/retro\/wp-json\/wp\/v2\/comments?post=1435"}],"version-history":[{"count":0,"href":"https:\/\/www.vigilanterodoviario.com.br\/retro\/wp-json\/wp\/v2\/posts\/1435\/revisions"}],"wp:featuredmedia":[{"embeddable":true,"href":"https:\/\/www.vigilanterodoviario.com.br\/retro\/wp-json\/wp\/v2\/media\/1436"}],"wp:attachment":[{"href":"https:\/\/www.vigilanterodoviario.com.br\/retro\/wp-json\/wp\/v2\/media?parent=1435"}],"wp:term":[{"taxonomy":"category","embeddable":true,"href":"https:\/\/www.vigilanterodoviario.com.br\/retro\/wp-json\/wp\/v2\/categories?post=1435"},{"taxonomy":"post_tag","embeddable":true,"href":"https:\/\/www.vigilanterodoviario.com.br\/retro\/wp-json\/wp\/v2\/tags?post=1435"}],"curies":[{"name":"wp","href":"https:\/\/api.w.org\/{rel}","templated":true}]}}