{"id":1428,"date":"2022-03-10T04:37:52","date_gmt":"2022-03-10T04:37:52","guid":{"rendered":"http:\/\/artecult.com\/?p=72969"},"modified":"2023-10-24T13:33:04","modified_gmt":"2023-10-24T13:33:04","slug":"ac-live-quadrimundi-emir-ribeiro-o-criador-e-sua-epopeia-pelos-quadrinhos-brasileiros","status":"publish","type":"post","link":"https:\/\/www.vigilanterodoviario.com.br\/retro\/ac-live-quadrimundi-emir-ribeiro-o-criador-e-sua-epopeia-pelos-quadrinhos-brasileiros\/","title":{"rendered":"AC Live QuadriMundi : EMIR RIBEIRO. O criador e sua epopeia pelos quadrinhos brasileiros."},"content":{"rendered":"<p><img loading=\"lazy\" decoding=\"async\" class=\"size-medium wp-image-72973 aligncenter\" src=\"http:\/\/artecult.com\/wp-content\/uploads\/2022\/03\/png_20220309_233311_0000-500x500.png\" alt=\"\" width=\"500\" height=\"500\" srcset=\"http:\/\/artecult.com\/wp-content\/uploads\/2022\/03\/png_20220309_233311_0000-500x500.png 500w, http:\/\/artecult.com\/wp-content\/uploads\/2022\/03\/png_20220309_233311_0000-150x150.png 150w, http:\/\/artecult.com\/wp-content\/uploads\/2022\/03\/png_20220309_233311_0000-768x768.png 768w, http:\/\/artecult.com\/wp-content\/uploads\/2022\/03\/png_20220309_233311_0000-600x600.png 600w, http:\/\/artecult.com\/wp-content\/uploads\/2022\/03\/png_20220309_233311_0000.png 1080w\" sizes=\"auto, (max-width: 500px) 100vw, 500px\"><\/p>\n<div id=\"attachment_72979\" class=\"wp-caption alignright\"><a href=\"http:\/\/artecult.com\/wp-content\/uploads\/2022\/03\/Velta-por-May-Santos.jpg\"><img loading=\"lazy\" decoding=\"async\" class=\"wp-image-72979\" src=\"http:\/\/artecult.com\/wp-content\/uploads\/2022\/03\/Velta-por-May-Santos-500x575.jpg\" alt=\"\" width=\"319\" height=\"367\" srcset=\"http:\/\/artecult.com\/wp-content\/uploads\/2022\/03\/Velta-por-May-Santos-500x575.jpg 500w, http:\/\/artecult.com\/wp-content\/uploads\/2022\/03\/Velta-por-May-Santos-768x883.jpg 768w, http:\/\/artecult.com\/wp-content\/uploads\/2022\/03\/Velta-por-May-Santos-600x690.jpg 600w, http:\/\/artecult.com\/wp-content\/uploads\/2022\/03\/Velta-por-May-Santos.jpg 1334w\" sizes=\"auto, (max-width: 319px) 100vw, 319px\"><\/a><\/p>\n<p class=\"wp-caption-text\">Velta, cria\u00e7\u00e3o mais conhecida de Emir Ribeiro, nos tra\u00e7os de May Santos. Clique para dar Zoom.<\/p>\n<\/div>\n<p>Nesse&nbsp;<strong>s\u00e1bado, dia 12\/03 \u00e0s 17:00h<\/strong>, no canal \u201c<a href=\"https:\/\/www.youtube.com\/watch?v=jgJJvX-SoN8&amp;ab_channel=ArteCult.com\" target=\"_blank\" rel=\"noopener\">ArteCult.com<\/a>\u201d do YouTube temos um encontro marcado com o quadrinista e ilustrador&nbsp;<strong>EMIR RIBEIRO.<\/strong> &nbsp;Sandro \u00e9 criador de v\u00e1rios personagens de quadrinhos, tais como a super-hero\u00edna Velta, da Nova, Itabira, Doroti, Homem de Preto entre outros !<\/p>\n<p>Para conhecer seu universo de personagens, um pouco da sua vida e saber os projetos em andamento desse grande artista, venha assistir e participar da live!<\/p>\n<p>N\u00e3o perca, a gente te aguarda! Nesse s\u00e1bado (12\/03), \u00e0s 17:00h, no <a href=\"http:\/\/youtube.com\/artecult\" target=\"_blank\" rel=\"noopener\"><strong>canal ArteCult no YouTube<\/strong><\/a> !<\/p>\n<p>Apresenta\u00e7\u00e3o de <a href=\"http:\/\/artecult.com\/author\/adalbertobernardino\" target=\"_blank\" rel=\"noopener\">Adalberto Bernardino<\/a> e <a href=\"http:\/\/artecult.com\/author\/rapha\" target=\"_blank\" rel=\"noopener\">Raphael Gomide<\/a>.<\/p>\n<p><strong>(Atualiza\u00e7\u00e3o 13\/03\/22)<br \/>\nCONFIRA A NOSSA LIVE REALIZADA EM 12\/03\/2022:<\/strong><\/p>\n<p><iframe loading=\"lazy\" width=\"680\" height=\"383\" src=\"https:\/\/www.youtube.com\/embed\/ckdx4gIHA6s?feature=oembed\" frameborder=\"0\" allow=\"accelerometer; autoplay; clipboard-write; encrypted-media; gyroscope; picture-in-picture\" allowfullscreen=\"\">[embedded content]<\/iframe><\/p>\n<p><img loading=\"lazy\" decoding=\"async\" class=\"aligncenter size-large wp-image-5710\" src=\"http:\/\/artecult.com\/wp-content\/uploads\/2017\/09\/separador-web-2-600x62.png\" alt=\"\" width=\"600\" height=\"62\" srcset=\"http:\/\/artecult.com\/wp-content\/uploads\/2017\/09\/separador-web-2.png 600w, http:\/\/artecult.com\/wp-content\/uploads\/2017\/09\/separador-web-2-500x52.png 500w\" sizes=\"auto, (max-width: 600px) 100vw, 600px\"><\/p>\n<p><strong><em>Sobre o Autor<\/em><\/strong><\/p>\n<p><strong>Emir Lima Ribeiro<\/strong>, nascido em Jo\u00e3o Pessoa (PB) \u00e9 desenhista, roteirista e editor de hist\u00f3rias em quadrinhos. Desde os 7-8 anos fazia hist\u00f3rias para o c\u00edrculo familiar e amigos pr\u00f3ximos.<br \/>\nEm 1969, criou o personagem Sabido (de humor). Em 1970 criou a forma f\u00edsica da vil\u00e3 Doroti (conclu\u00edda em 1974) e em 1973, aos 14 anos, criou e lan\u00e7ou VELTA, sua cria\u00e7\u00e3o mais conhecida, no jornal mural \u201cO Comunicador\u201d, do Col\u00e9gio Estadual de Jaguaribe.<\/p>\n<p>Em sua carreira publicou em jornais como \u201cA Uni\u00e3o\u201d, \u201cO Norte\u201d (extinto) e \u201cO Correio da Para\u00edba\u201d, de circula\u00e7\u00e3o estadual, lan\u00e7ando nos dois primeiros outros personagens como o \u00edndio Itabira (1975, em parceria com seu pai, Emilson Ponce de Le\u00f3n Ribeiro), a cibern\u00e9tica Nova e O Desconhecido Homem de Preto.<\/p>\n<div id=\"attachment_72978\" class=\"wp-caption alignright\"><img loading=\"lazy\" decoding=\"async\" class=\"size-medium wp-image-72978\" src=\"http:\/\/artecult.com\/wp-content\/uploads\/2022\/03\/Cria%C3%A7%C3%B5es-Emir-Ribeiro-500x235.jpg\" alt=\"\" width=\"500\" height=\"235\" srcset=\"http:\/\/artecult.com\/wp-content\/uploads\/2022\/03\/Cria\u00e7\u00f5es-Emir-Ribeiro-500x235.jpg 500w, http:\/\/artecult.com\/wp-content\/uploads\/2022\/03\/Cria\u00e7\u00f5es-Emir-Ribeiro-768x360.jpg 768w, http:\/\/artecult.com\/wp-content\/uploads\/2022\/03\/Cria\u00e7\u00f5es-Emir-Ribeiro-600x282.jpg 600w, http:\/\/artecult.com\/wp-content\/uploads\/2022\/03\/Cria\u00e7\u00f5es-Emir-Ribeiro.jpg 1334w\" sizes=\"auto, (max-width: 500px) 100vw, 500px\"><\/p>\n<p class=\"wp-caption-text\">Cria\u00e7\u00f5es de Emir Ribeiro: Velta, Itabira, Nova e Homem de Preto.<\/p>\n<\/div>\n<p>Editou revistas por conta pr\u00f3pria e as colocou nas bancas de tr\u00eas estados nordestinos, de 1978 a 1983. Participou de v\u00e1rias exposi\u00e7\u00f5es em diversos lugares como Jo\u00e3o Pessoa, S\u00e3o Paulo, Rio de Janeiro e uma na Fran\u00e7a. Entre 1985 e 1991, publicou diversos trabalhos nas linha er\u00f3tica e terror em editoras de S\u00e3o Paulo, como Press\/Maciota, Nova Sampa e ICEA.<\/p>\n<p>Em 1989, escreveu, dirigiu, atuou e produziu o filme em VHS \u201cO Desconhecido Homem de Preto\u201d, sobre o personagem lan\u00e7ado em 1976, tendo boa repercuss\u00e3o local e nacional, e sendo comentado pela revista Cinemix, pelo programa Documento Especial, da TV Manchete-Rio, pelo jornal Folha de S. Paulo e exibido em grandes eventos de quadrinhos, como a I Bienal Internacional de quadrinhos do Rio de Janeiro. Em 1993, produziu o segundo filme VHS do mesmo personagem, \u201cA volta do Homem de Preto\u201d, que chegou a ser exibido na TV Cultura-MG.<\/p>\n<p>Entre 1993 e 2006 trabalhou para editoras dos Estados Unidos, entre as quais Marvel, DC, Image e Malibu, desenhando e\/ou arte-finalizando personagens conhecidos como O Incr\u00edvel Hulk e Os Vingadores, e poucos conhecidos como Glory, Avengelyne, Prophet e Os Protetores, entre outros. Al\u00e9m disso, foi o arte-finalista de Mike Deodato, tamb\u00e9m paraibano.<\/p>\n<p>Apesar de haver publicado em editoras profissionais, ao longo dos anos, nunca deixou de lado suas edi\u00e7\u00f5es independentes, as quais publico at\u00e9 hoje.<\/p>\n<p>Em 1994, recebeu o pr\u00eamio \u201cNova\u201d de fic\u00e7\u00e3o cient\u00edfica. Em 2008, recebeu o trof\u00e9u Bigorna por Melhor Livro de Aventura, com a edi\u00e7\u00e3o de \u201c35 anos de Velta\u201d, al\u00e9m de tamb\u00e9m j\u00e1 ter sido agraciado com dois trof\u00e9us \u00c2ngelo Agostini \u2013 como \u201cmestre do quadrinho nacional\u201d e como \u201cmelhor arte-finalista\u201d.<\/p>\n<p>Em 2013, ilustrou o livro \u201cFantasmagorias de R. F. Lucchetti\u201d, contendo contos do mestre da literatura de g\u00eanero no Brasil, Rubens Francisco Lucchetti. Por esse trabalho, foi finalista do pr\u00eamio Jabuti 2014, na categoria melhor livro ilustrado.<\/p>\n<p>Em 2020 <a href=\"http:\/\/www.meuheroi.com.br\/diadosuperheroibrasileiro\/index.php\/premiacoes\/vencedores-2020\" target=\"_blank\" rel=\"noopener\">recebeu o pr\u00eamio do Dia do Super-Her\u00f3i Brasileiro<\/a> pela sua luta pelo reconhecimento dos super-her\u00f3is brasileiros h\u00e1 mais de 40 anos.<\/p>\n<div id=\"attachment_72984\" class=\"wp-caption aligncenter\"><img loading=\"lazy\" decoding=\"async\" class=\"size-medium wp-image-72984\" src=\"http:\/\/artecult.com\/wp-content\/uploads\/2022\/03\/Emir_premiorecebido-500x347.jpg\" alt=\"\" width=\"500\" height=\"347\" srcset=\"http:\/\/artecult.com\/wp-content\/uploads\/2022\/03\/Emir_premiorecebido-500x347.jpg 500w, http:\/\/artecult.com\/wp-content\/uploads\/2022\/03\/Emir_premiorecebido-768x532.jpg 768w, http:\/\/artecult.com\/wp-content\/uploads\/2022\/03\/Emir_premiorecebido-600x416.jpg 600w, http:\/\/artecult.com\/wp-content\/uploads\/2022\/03\/Emir_premiorecebido.jpg 1440w\" sizes=\"auto, (max-width: 500px) 100vw, 500px\"><\/p>\n<p class=\"wp-caption-text\">Emir com seu pr\u00eamio recebido em 2020. Homenagem do evento anual Dia do Super-Her\u00f3i Brasileiro.<\/p>\n<\/div>\n<p>Em 2021 lan\u00e7ou uma bem-sucedida campanha no site de financiamento coletivo <a href=\"https:\/\/www.catarse.me\/velta_nos_anos_60_homenagem_ao_vigilante_rodoviario\" target=\"_blank\" rel=\"noopener\">CATARSE para seu projeto \u201cVelta anos 60: homenagem ao vigilante Rodovi\u00e1rio\u201d<\/a>. No mesmo ano, sua principal personagem <a href=\"http:\/\/www.meuheroi.com.br\/diadosuperheroibrasileiro\/index.php\/about\/segunda-edicao\" target=\"_blank\" rel=\"noopener\">Velta, foi o s\u00edmbolo do Dia do Super-Her\u00f3i Brasileiro de 2021<\/a>.<\/p>\n<div id=\"attachment_72980\" class=\"wp-caption aligncenter\"><a href=\"http:\/\/www.meuheroi.com.br\/diadosuperheroibrasileiro\/index.php\/about\/segunda-edicao\" target=\"_blank\" rel=\"noopener\"><img loading=\"lazy\" decoding=\"async\" class=\"wp-image-72980 size-medium\" src=\"http:\/\/artecult.com\/wp-content\/uploads\/2022\/03\/Velta-Dia-do-Super-Her%C3%B3i-Brasileiro-2021-500x211.jpg\" alt=\"\" width=\"500\" height=\"211\" srcset=\"http:\/\/artecult.com\/wp-content\/uploads\/2022\/03\/Velta-Dia-do-Super-Her\u00f3i-Brasileiro-2021-500x211.jpg 500w, http:\/\/artecult.com\/wp-content\/uploads\/2022\/03\/Velta-Dia-do-Super-Her\u00f3i-Brasileiro-2021-768x324.jpg 768w, http:\/\/artecult.com\/wp-content\/uploads\/2022\/03\/Velta-Dia-do-Super-Her\u00f3i-Brasileiro-2021-600x254.jpg 600w, http:\/\/artecult.com\/wp-content\/uploads\/2022\/03\/Velta-Dia-do-Super-Her\u00f3i-Brasileiro-2021.jpg 800w\" sizes=\"auto, (max-width: 500px) 100vw, 500px\"><\/a><\/p>\n<p class=\"wp-caption-text\">A super-hero\u00edna Velta (nos tra\u00e7os de May Santos), como s\u00edmbolo da segunda edi\u00e7\u00e3o do Dia do Super-Her\u00f3i Brasileiro 2021 \u2013 Tempos de Cura.<\/p>\n<\/div>\n<p>Atualmente, al\u00e9m das edi\u00e7\u00f5es independentes, faz desenhos ou hist\u00f3rias sob encomenda, seu objetivo \u00e9 divertir, entreter e satisfazer seu p\u00fablico conquistado no Brasil e no exterior.<\/p>\n<p><em><strong>LINKS \u2013 Siga Emir Ribeiro !<\/strong><\/em><\/p>\n<p>INSTAGRAM:<\/p>\n<p><img loading=\"lazy\" decoding=\"async\" class=\"wp-image-43396 alignleft\" src=\"http:\/\/artecult.com\/wp-content\/uploads\/2020\/05\/Instagram-Logo-pequeno.jpg\" alt=\"\" width=\"30\" height=\"31\" srcset=\"http:\/\/artecult.com\/wp-content\/uploads\/2020\/05\/Instagram-Logo-pequeno.jpg 240w, http:\/\/artecult.com\/wp-content\/uploads\/2020\/05\/Instagram-Logo-pequeno-150x150.jpg 150w\" sizes=\"auto, (max-width: 30px) 100vw, 30px\"><a href=\"http:\/\/instagram.com\/emirlimaribeiro\">https:\/\/www.instagram.com\/emirlimaribeiro<\/a><\/p>\n<p><img loading=\"lazy\" decoding=\"async\" class=\"aligncenter size-large wp-image-5710\" src=\"http:\/\/artecult.com\/wp-content\/uploads\/2017\/09\/separador-web-2-600x62.png\" alt=\"\" width=\"600\" height=\"62\" srcset=\"http:\/\/artecult.com\/wp-content\/uploads\/2017\/09\/separador-web-2.png 600w, http:\/\/artecult.com\/wp-content\/uploads\/2017\/09\/separador-web-2-500x52.png 500w\" sizes=\"auto, (max-width: 600px) 100vw, 600px\"><\/p>\n<p><img loading=\"lazy\" decoding=\"async\" class=\"wp-image-42597 aligncenter\" src=\"http:\/\/artecult.com\/wp-content\/uploads\/2020\/05\/QuadriMundi-Logo-500x288.jpg\" alt=\"\" width=\"267\" height=\"154\" srcset=\"http:\/\/artecult.com\/wp-content\/uploads\/2020\/05\/QuadriMundi-Logo-500x288.jpg 500w, http:\/\/artecult.com\/wp-content\/uploads\/2020\/05\/QuadriMundi-Logo-768x443.jpg 768w, http:\/\/artecult.com\/wp-content\/uploads\/2020\/05\/QuadriMundi-Logo-600x346.jpg 600w, http:\/\/artecult.com\/wp-content\/uploads\/2020\/05\/QuadriMundi-Logo.jpg 1218w\" sizes=\"auto, (max-width: 267px) 100vw, 267px\"><\/p>\n<p><strong><em>QUADRIMUNDI<\/em><\/strong> \u2013 canal de Quadrinhos, Mang\u00e1s e Anima\u00e7\u00f5es do portal ArteCult.com<\/p>\n<p>Apresentando todos os talentos do Quadrinho Nacional e seus universos.<\/p>\n<p>Siga-nos nas Redes Sociais (&nbsp;<strong>@quadrimundi<\/strong>&nbsp;) :<\/p>\n<p><a href=\"http:\/\/instagram.com\/quadrimundi\" target=\"_blank\" rel=\"noopener\"><img loading=\"lazy\" decoding=\"async\" class=\"wp-image-43396\" src=\"http:\/\/artecult.com\/wp-content\/uploads\/2020\/05\/Instagram-Logo-pequeno.jpg\" alt=\"\" width=\"30\" height=\"31\" srcset=\"http:\/\/artecult.com\/wp-content\/uploads\/2020\/05\/Instagram-Logo-pequeno.jpg 240w, http:\/\/artecult.com\/wp-content\/uploads\/2020\/05\/Instagram-Logo-pequeno-150x150.jpg 150w\" sizes=\"auto, (max-width: 30px) 100vw, 30px\"><\/a> <a href=\"http:\/\/facebook.com\/quadrimundi\"><img loading=\"lazy\" decoding=\"async\" class=\"wp-image-43395 alignnone aligncenter\" src=\"http:\/\/artecult.com\/wp-content\/uploads\/2020\/05\/Facebook-Logo-pequeno-500x500.png\" alt=\"\" width=\"30\" height=\"30\" srcset=\"http:\/\/artecult.com\/wp-content\/uploads\/2020\/05\/Facebook-Logo-pequeno-500x500.png 500w, http:\/\/artecult.com\/wp-content\/uploads\/2020\/05\/Facebook-Logo-pequeno-150x150.png 150w, http:\/\/artecult.com\/wp-content\/uploads\/2020\/05\/Facebook-Logo-pequeno.png 512w\" sizes=\"auto, (max-width: 30px) 100vw, 30px\"><\/a><\/p>\n<h3>Fa\u00e7a abaixo um coment\u00e1rio sobre este artigo. PARTICIPE!<\/h3>\n<p>Coment\u00e1rios (utilize sua conta no Facebook):<\/p>\n<p>Powered by <a href=\"http:\/\/peadig.com\/wordpress-plugins\/facebook-comments\/\">Facebook Comments<\/a><\/p>\n<p>Cr\u00e9ditos: Artecult.com<\/p>\n","protected":false},"excerpt":{"rendered":"<p>Velta, cria\u00e7\u00e3o mais conhecida de Emir Ribeiro, nos tra\u00e7os de May Santos. Clique para dar Zoom. Nesse&nbsp;s\u00e1bado, dia 12\/03 \u00e0s 17:00h, no canal \u201cArteCult.com\u201d do YouTube temos um encontro marcado com o quadrinista e ilustrador&nbsp;EMIR RIBEIRO. &nbsp;Sandro \u00e9 criador de v\u00e1rios personagens de quadrinhos, tais como a super-hero\u00edna Velta, da Nova, Itabira, Doroti, Homem de &#8230; <a title=\"AC Live QuadriMundi : EMIR RIBEIRO. O criador e sua epopeia pelos quadrinhos brasileiros.\" class=\"read-more\" href=\"https:\/\/www.vigilanterodoviario.com.br\/retro\/ac-live-quadrimundi-emir-ribeiro-o-criador-e-sua-epopeia-pelos-quadrinhos-brasileiros\/\">Acesse aqui<span class=\"screen-reader-text\">AC Live QuadriMundi : EMIR RIBEIRO. O criador e sua epopeia pelos quadrinhos brasileiros.<\/span><\/a><\/p>\n","protected":false},"author":2,"featured_media":0,"comment_status":"closed","ping_status":"closed","sticky":false,"template":"","format":"standard","meta":{"footnotes":""},"categories":[6,2],"tags":[],"class_list":["post-1428","post","type-post","status-publish","format-standard","hentry","category-noticias","category-novidades"],"_links":{"self":[{"href":"https:\/\/www.vigilanterodoviario.com.br\/retro\/wp-json\/wp\/v2\/posts\/1428","targetHints":{"allow":["GET"]}}],"collection":[{"href":"https:\/\/www.vigilanterodoviario.com.br\/retro\/wp-json\/wp\/v2\/posts"}],"about":[{"href":"https:\/\/www.vigilanterodoviario.com.br\/retro\/wp-json\/wp\/v2\/types\/post"}],"author":[{"embeddable":true,"href":"https:\/\/www.vigilanterodoviario.com.br\/retro\/wp-json\/wp\/v2\/users\/2"}],"replies":[{"embeddable":true,"href":"https:\/\/www.vigilanterodoviario.com.br\/retro\/wp-json\/wp\/v2\/comments?post=1428"}],"version-history":[{"count":1,"href":"https:\/\/www.vigilanterodoviario.com.br\/retro\/wp-json\/wp\/v2\/posts\/1428\/revisions"}],"predecessor-version":[{"id":1450,"href":"https:\/\/www.vigilanterodoviario.com.br\/retro\/wp-json\/wp\/v2\/posts\/1428\/revisions\/1450"}],"wp:attachment":[{"href":"https:\/\/www.vigilanterodoviario.com.br\/retro\/wp-json\/wp\/v2\/media?parent=1428"}],"wp:term":[{"taxonomy":"category","embeddable":true,"href":"https:\/\/www.vigilanterodoviario.com.br\/retro\/wp-json\/wp\/v2\/categories?post=1428"},{"taxonomy":"post_tag","embeddable":true,"href":"https:\/\/www.vigilanterodoviario.com.br\/retro\/wp-json\/wp\/v2\/tags?post=1428"}],"curies":[{"name":"wp","href":"https:\/\/api.w.org\/{rel}","templated":true}]}}