{"id":1176,"date":"2022-02-02T19:25:00","date_gmt":"2022-02-02T19:25:00","guid":{"rendered":"https:\/\/www.vigilanterodoviario.com.br\/retro\/?p=1176"},"modified":"2022-02-05T19:30:23","modified_gmt":"2022-02-05T19:30:23","slug":"producao-nacional-aguias-de-fogo-revela-casos-inspirados-em-historias","status":"publish","type":"post","link":"https:\/\/www.vigilanterodoviario.com.br\/retro\/producao-nacional-aguias-de-fogo-revela-casos-inspirados-em-historias\/","title":{"rendered":"Produ\u00e7\u00e3o nacional \u00c1guias de Fogo revela casos inspirados em hist\u00f3rias"},"content":{"rendered":"\n<p>A&nbsp;TV Brasil&nbsp;apresenta as tramas dos epis\u00f3dios 13 e 14 da s\u00e9rie nacional de dramaturgia&nbsp;\u00c1guias de Fogo&nbsp;nesta quarta (2\/2) \u00e0s 23h30. As aventuras envolvem um caso de sequestro e a proposta de um novo campo de pouso para os aviadores. Ainda in\u00e9ditos na programa\u00e7\u00e3o da emissora p\u00fablica, os cap\u00edtulos &#8220;O Aspirante&#8221; e &#8220;Esta\u00e7\u00e3o&nbsp;de Jun\u00e7\u00e3o&#8221; entram no ar em sequ\u00eancia logo ap\u00f3s o seriado \u00e9pico&nbsp;Guerra e Paz.<\/p>\n\n\n\n<p>Na primeira aventura da noite, um grupo de contrabandistas sequestra o aspirante F\u00e1bio. Os fraudadores querem levar diamantes roubados para fora do pa\u00eds, mas os pilotos enfrentam os criminosos com coragem.<\/p>\n\n\n\n<p>O segundo desafio dos aviadores est\u00e1 relacionado a uma amea\u00e7a de homens misteriosos. O esquadr\u00e3o planeja construir um novo campo de pouso. A iniciativa, por\u00e9m, pode prejudicar os neg\u00f3cios clandestinos de agentes desconhecidos. Os suspeitos t\u00eam interesses escusos e se unem para dar fim \u00e0 empreitada.<\/p>\n\n\n\n<figure class=\"wp-block-image size-full\"><a href=\"https:\/\/www.vigilanterodoviario.com.br\/retro\/wp-content\/uploads\/2016\/09\/122963d.jpg\"><img loading=\"lazy\" decoding=\"async\" width=\"590\" height=\"330\" src=\"https:\/\/www.vigilanterodoviario.com.br\/retro\/wp-content\/uploads\/2016\/09\/122963d.jpg\" alt=\"\" class=\"wp-image-690\" srcset=\"https:\/\/www.vigilanterodoviario.com.br\/retro\/wp-content\/uploads\/2016\/09\/122963d.jpg 590w, https:\/\/www.vigilanterodoviario.com.br\/retro\/wp-content\/uploads\/2016\/09\/122963d-300x168.jpg 300w\" sizes=\"auto, (max-width: 590px) 100vw, 590px\" \/><\/a><\/figure>\n\n\n\n<p><strong>Sobre o seriado<\/strong><\/p>\n\n\n\n<p>Hist\u00f3rias de bravura nos ares inspiraram o enredo da s\u00e9rie&nbsp;\u00c1guias de Fogo&nbsp;que acompanha um heroico esquadr\u00e3o de aviadores em territ\u00f3rio nacional. Lan\u00e7ada originalmente em 1968, a obra \u00e9 um marco na produ\u00e7\u00e3o seriada de dramaturgia para televis\u00e3o no pa\u00eds.<\/p>\n\n\n\n<p>O programa surgiu na esteira do sucesso da pioneira e consagrada atra\u00e7\u00e3o&nbsp;O Vigilante Rodovi\u00e1rio, primeira s\u00e9rie filmada em pel\u00edcula de cinema no Brasil, no in\u00edcio dos anos 1960. Os dois t\u00edtulos foram criados, dirigidos e produzidos pelo cineasta&nbsp;Ary Fernandes&nbsp;que ainda atua no elenco de \u00c1guias de Fogo.<\/p>\n\n\n\n<p>Os argumentos para os roteiros de&nbsp;\u00c1guias de Fogo&nbsp;baseiam-se em atos de coragem registrados nos arquivos da For\u00e7a A\u00e9rea Brasileira. A trama retratada no seriado concentra em um \u00fanico esquadr\u00e3o da FAB, as aventuras vividas por centenas de aviadores atrav\u00e9s dos tempos.<\/p>\n\n\n\n<p>Com edi\u00e7\u00f5es de aproximadamente 22 minutos, os cap\u00edtulos apresentam ocorr\u00eancias no interior do pa\u00eds voltadas para o resgate e o salvamento de acidentados. A valentia \u00e9 uma das qualidades dos personagens que, entre outras situa\u00e7\u00f5es pelos ares, desempenham fa\u00e7anhas e prestam servi\u00e7o \u00e0 p\u00e1tria.<\/p>\n\n\n\n<p>O elenco principal da trama \u00e9 formado por quatro atores que interpretam os aviadores de um esquadr\u00e3o que defende o espa\u00e7o a\u00e9reo nacional. Os protagonistas da s\u00e9rie s\u00e3o Dirceu Conte (Major Ricardo), Ary Fernandes (Capit\u00e3o C\u00e9sar), Roberto Bolant (Aspirante F\u00e1bio) e Edson Pereira (Sargento Fritz).<\/p>\n\n\n\n<p>A produ\u00e7\u00e3o ainda contou com o ator Ricardo N\u00f3voa que representou o Tenente Celso nos primeiros cap\u00edtulos do programa. \u00c1guias de Fogo tem participa\u00e7\u00f5es especiais de personalidades da dramaturgia nacional como Bete Mendes, Osmar Prado, Valentino Guzzo, Jofre Soares e Francisco Di Franco.<\/p>\n\n\n\n<p>Ao todo, o seriado teve 26 edi\u00e7\u00f5es das quais 23 foram recuperadas pela Cinemateca Brasileira a partir dos negativos originais. A TV Brasil mostra os conte\u00fados restaurados desde dezembro, durante a programa\u00e7\u00e3o especial de ver\u00e3o. A produtora respons\u00e1vel pela s\u00e9rie \u00c1guias de Fogo \u00e9 a PROCITEL.<\/p>\n\n\n\n<p>A produ\u00e7\u00e3o tem hor\u00e1rio alternativo na madrugada. As aventuras do esquadr\u00e3o de aviadores podem ser conferidas de&nbsp;quarta&nbsp;para&nbsp;quinta-feira, \u00e0s 4h45. Tamb\u00e9m exibida pelo canal, a s\u00e9rie O Vigilante Rodovi\u00e1rio tem maratona de epis\u00f3dios na madrugada de&nbsp;s\u00e1bado&nbsp;para&nbsp;domingo, a partir das 3h45, com as incr\u00edveis hist\u00f3rias do vigilante Carlos com o fiel parceiro, o c\u00e3o Lobo.<\/p>\n\n\n\n<p><strong>#VemVer<\/strong><\/p>\n\n\n\n<p>A programa\u00e7\u00e3o de ver\u00e3o da&nbsp;TV Brasil&nbsp;traz novidades para a grade da emissora. Cl\u00e1ssico da teledramaturgia, a novela &#8220;A Escrava Isaura&#8221; (2004) est\u00e1 em cartaz em um novo hor\u00e1rio na faixa nobre, mais cedo, \u00e0s 20h.<\/p>\n\n\n\n<p>Al\u00e9m do folhetim, o canal apresenta atra\u00e7\u00f5es in\u00e9ditas para p\u00fablicos de todas as idades. A garotada vai se divertir com o programa de receitas divertidas&nbsp;Tem Crian\u00e7a na Cozinha&nbsp;e as s\u00e9ries infantojuvenis&nbsp;Bugados&nbsp;e&nbsp;D.P.A. &#8211; Detetives do Pr\u00e9dio Azul.<\/p>\n\n\n\n<p>Destaques tamb\u00e9m para produ\u00e7\u00f5es de dramaturgia como os filmes da cole\u00e7\u00e3o da trupe de humoristas\u00a0Os Trapalh\u00f5es, a hist\u00f3rica s\u00e9rie brasileira\u00a0\u00c1guias de Fogo\u00a0e o cl\u00e1ssico internacional\u00a0Guerra e Paz. Outra atra\u00e7\u00e3o \u00e9 o musical e culin\u00e1rio\u00a0Canto e Sabor do Brasil. Confira essas e outras atra\u00e7\u00f5es na TV, tablet ou celular sintonizados na TV Brasil.<\/p>\n\n\n\n<p><\/p>\n\n\n\n<pre class=\"wp-block-preformatted\"><a href=\"https:\/\/www.fab.mil.br\/notimp\/mostra\/01-02-2022\" target=\"_blank\" rel=\"noreferrer noopener\">Publicado em: Portal da For\u00e7a A\u00e9rea Brasileira - NOTIMP 032\/2022 - 01\/02\/2022<\/a><\/pre>\n","protected":false},"excerpt":{"rendered":"<p>A&nbsp;TV Brasil&nbsp;apresenta as tramas dos epis\u00f3dios 13 e 14 da s\u00e9rie nacional de dramaturgia&nbsp;\u00c1guias de Fogo&nbsp;nesta quarta (2\/2) \u00e0s 23h30. As aventuras envolvem um caso de sequestro e a proposta de um novo campo de pouso para os aviadores. Ainda in\u00e9ditos na programa\u00e7\u00e3o da emissora p\u00fablica, os cap\u00edtulos &#8220;O Aspirante&#8221; e &#8220;Esta\u00e7\u00e3o&nbsp;de Jun\u00e7\u00e3o&#8221; entram no &#8230; <a title=\"Produ\u00e7\u00e3o nacional \u00c1guias de Fogo revela casos inspirados em hist\u00f3rias\" class=\"read-more\" href=\"https:\/\/www.vigilanterodoviario.com.br\/retro\/producao-nacional-aguias-de-fogo-revela-casos-inspirados-em-historias\/\">Acesse aqui<span class=\"screen-reader-text\">Produ\u00e7\u00e3o nacional \u00c1guias de Fogo revela casos inspirados em hist\u00f3rias<\/span><\/a><\/p>\n","protected":false},"author":2,"featured_media":618,"comment_status":"closed","ping_status":"open","sticky":false,"template":"","format":"standard","meta":{"footnotes":""},"categories":[10,6],"tags":[],"class_list":["post-1176","post","type-post","status-publish","format-standard","has-post-thumbnail","hentry","category-na-imprensa","category-noticias"],"_links":{"self":[{"href":"https:\/\/www.vigilanterodoviario.com.br\/retro\/wp-json\/wp\/v2\/posts\/1176","targetHints":{"allow":["GET"]}}],"collection":[{"href":"https:\/\/www.vigilanterodoviario.com.br\/retro\/wp-json\/wp\/v2\/posts"}],"about":[{"href":"https:\/\/www.vigilanterodoviario.com.br\/retro\/wp-json\/wp\/v2\/types\/post"}],"author":[{"embeddable":true,"href":"https:\/\/www.vigilanterodoviario.com.br\/retro\/wp-json\/wp\/v2\/users\/2"}],"replies":[{"embeddable":true,"href":"https:\/\/www.vigilanterodoviario.com.br\/retro\/wp-json\/wp\/v2\/comments?post=1176"}],"version-history":[{"count":0,"href":"https:\/\/www.vigilanterodoviario.com.br\/retro\/wp-json\/wp\/v2\/posts\/1176\/revisions"}],"wp:featuredmedia":[{"embeddable":true,"href":"https:\/\/www.vigilanterodoviario.com.br\/retro\/wp-json\/wp\/v2\/media\/618"}],"wp:attachment":[{"href":"https:\/\/www.vigilanterodoviario.com.br\/retro\/wp-json\/wp\/v2\/media?parent=1176"}],"wp:term":[{"taxonomy":"category","embeddable":true,"href":"https:\/\/www.vigilanterodoviario.com.br\/retro\/wp-json\/wp\/v2\/categories?post=1176"},{"taxonomy":"post_tag","embeddable":true,"href":"https:\/\/www.vigilanterodoviario.com.br\/retro\/wp-json\/wp\/v2\/tags?post=1176"}],"curies":[{"name":"wp","href":"https:\/\/api.w.org\/{rel}","templated":true}]}}