{"id":1174,"date":"2021-12-11T01:31:31","date_gmt":"2021-12-11T01:31:31","guid":{"rendered":"http:\/\/artecult.com\/?p=68988"},"modified":"2021-12-11T01:31:31","modified_gmt":"2021-12-11T01:31:31","slug":"emir-ribeiro-lanca-velta-realidade-alternativa-com-homenagem-ao-vigilante-rodoviario","status":"publish","type":"post","link":"https:\/\/www.vigilanterodoviario.com.br\/retro\/emir-ribeiro-lanca-velta-realidade-alternativa-com-homenagem-ao-vigilante-rodoviario\/","title":{"rendered":"Emir Ribeiro lan\u00e7a Velta Realidade Alternativa com Homenagem ao Vigilante Rodovi\u00e1rio"},"content":{"rendered":"<div id=\"attachment_68989\" class=\"wp-caption aligncenter\"><img loading=\"lazy\" decoding=\"async\" class=\"size-medium wp-image-68989\" src=\"http:\/\/artecult.com\/wp-content\/uploads\/2021\/12\/Imagem-594-406x600.jpg\" alt=\"\" width=\"406\" height=\"600\" srcset=\"http:\/\/artecult.com\/wp-content\/uploads\/2021\/12\/Imagem-594-406x600.jpg 406w, http:\/\/artecult.com\/wp-content\/uploads\/2021\/12\/Imagem-594-768x1136.jpg 768w, http:\/\/artecult.com\/wp-content\/uploads\/2021\/12\/Imagem-594-600x887.jpg 600w, http:\/\/artecult.com\/wp-content\/uploads\/2021\/12\/Imagem-594.jpg 1189w\" sizes=\"auto, (max-width: 406px) 100vw, 406px\"\/><\/p>\n<p class=\"wp-caption-text\">Capa de Velta Realidade Alternativa \u2013 Homenagem ao Vigilante Rodovi\u00e1rio<\/p>\n<\/div>\n<p>A edi\u00e7\u00e3o <strong>Velta Realidade Alternativa \u2013 Homenagem ao Vigilante Rodovi\u00e1rio<\/strong>, apresenta 3 aventuras da incr\u00edvel Super-Detetive, cria\u00e7\u00e3o de <strong>Emir Ribeiro<\/strong>, ao longo das d\u00e9cadas de 60 e 70.<\/p>\n<p>Para esclarecer, essa s\u00e9rie \u201cRealidade Alternativa\u201d ocorre fora da cronologia da Velta, em uma linha temporal onde a nossa hero\u00edna ganhou seus poderes na d\u00e9cada de 30.\u00a0 Essa abordagem permite diversos encontros com personagens cl\u00e1ssicos como Raio Negro, Judoca e agora conta com a ilustre presen\u00e7a do Vigilante Rodovi\u00e1rio.<\/p>\n<div id=\"attachment_68990\" class=\"wp-caption aligncenter\"><img loading=\"lazy\" decoding=\"async\" class=\"size-medium wp-image-68990\" src=\"http:\/\/artecult.com\/wp-content\/uploads\/2021\/12\/Imagem-595-401x600.jpg\" alt=\"\" width=\"401\" height=\"600\" srcset=\"http:\/\/artecult.com\/wp-content\/uploads\/2021\/12\/Imagem-595-401x600.jpg 401w, http:\/\/artecult.com\/wp-content\/uploads\/2021\/12\/Imagem-595-768x1148.jpg 768w, http:\/\/artecult.com\/wp-content\/uploads\/2021\/12\/Imagem-595-600x897.jpg 600w, http:\/\/artecult.com\/wp-content\/uploads\/2021\/12\/Imagem-595.jpg 1171w\" sizes=\"auto, (max-width: 401px) 100vw, 401px\"\/><\/p>\n<p class=\"wp-caption-text\">\u00daltima capa de Velta Realidade Alternativa \u2013 Homenagem ao Vigilante Rodovi\u00e1rio<\/p>\n<\/div>\n<p>Esse personagem sempre acompanhado de seu fiel cachorro Lobo foi criado por Ary Fernandes para uma s\u00e9rie de televis\u00e3o nos anos 60, interpretado por Carlos Miranda, tornando-se um sucesso de audi\u00eancia. Posteriormente virou revista em\u00a0 quadrinhos, com roteiros de Gedeone Malagola e Helena Fonseca, desenhados por Fl\u00e1vio Colin e Osvaldo Talo.<\/p>\n<p>As hqs presentes nessa edi\u00e7\u00e3o s\u00e3o: \u201dInvasores do Espa\u00e7o Sideral\u201d, \u201cOs Inimigos se Preparam\u201d, com a participa\u00e7\u00e3o de Doroti e Garota de Borracha (personagens de Emir) e \u201cOcorreu em 1961\u201d com a esperada homenagem ao Vigilante Rodovi\u00e1rio.<\/p>\n<p>S\u00e3o 92 p\u00e1ginas com miolo em PB e lindas capas coloridas. Acompanham 3 lindos postais, 2 marca-p\u00e1ginas e um p\u00f4ster.<\/p>\n<div id=\"attachment_68991\" class=\"wp-caption aligncenter\"><img loading=\"lazy\" decoding=\"async\" class=\"size-medium wp-image-68991\" src=\"http:\/\/artecult.com\/wp-content\/uploads\/2021\/12\/Imagem-593-500x261.jpg\" alt=\"\" width=\"500\" height=\"261\" srcset=\"http:\/\/artecult.com\/wp-content\/uploads\/2021\/12\/Imagem-593-500x261.jpg 500w, http:\/\/artecult.com\/wp-content\/uploads\/2021\/12\/Imagem-593-768x401.jpg 768w, http:\/\/artecult.com\/wp-content\/uploads\/2021\/12\/Imagem-593-600x313.jpg 600w\" sizes=\"auto, (max-width: 500px) 100vw, 500px\"\/><\/p>\n<p class=\"wp-caption-text\">Postais que acompanham a edi\u00e7\u00e3o de Velta<\/p>\n<\/div>\n<p>Interessados podem buscar o autor Emir Ribeiro nas redes sociais.<\/p>\n<div id=\"attachment_68992\" class=\"wp-caption aligncenter\"><img loading=\"lazy\" decoding=\"async\" class=\"size-medium wp-image-68992\" src=\"http:\/\/artecult.com\/wp-content\/uploads\/2021\/12\/Imagem-597-472x600.jpg\" alt=\"\" width=\"472\" height=\"600\" srcset=\"http:\/\/artecult.com\/wp-content\/uploads\/2021\/12\/Imagem-597-472x600.jpg 472w, http:\/\/artecult.com\/wp-content\/uploads\/2021\/12\/Imagem-597-768x977.jpg 768w, http:\/\/artecult.com\/wp-content\/uploads\/2021\/12\/Imagem-597-600x763.jpg 600w, http:\/\/artecult.com\/wp-content\/uploads\/2021\/12\/Imagem-597.jpg 924w\" sizes=\"auto, (max-width: 472px) 100vw, 472px\"\/><\/p>\n<p class=\"wp-caption-text\">Marcadores de P\u00e1ginas comemorativos que acompanham a revista.<\/p>\n<\/div>\n<h4>#superheroisnacionaisquemapoiafazhistoria<\/h4>\n<h3>Fa\u00e7a abaixo um coment\u00e1rio sobre este artigo. PARTICIPE!<\/h3>\n<p>Coment\u00e1rios (utilize sua conta no Facebook):<\/p>\n<p>Powered by <a href=\"http:\/\/peadig.com\/wordpress-plugins\/facebook-comments\/\">Facebook Comments<\/a><\/p>\n<p>Cr\u00e9ditos: Artecult.com<\/p>\n","protected":false},"excerpt":{"rendered":"<p>Capa de Velta Realidade Alternativa \u2013 Homenagem ao Vigilante Rodovi\u00e1rio A edi\u00e7\u00e3o Velta Realidade Alternativa \u2013 Homenagem ao Vigilante Rodovi\u00e1rio, apresenta 3 aventuras da incr\u00edvel Super-Detetive, cria\u00e7\u00e3o de Emir Ribeiro, ao longo das d\u00e9cadas de 60 e 70. Para esclarecer, essa s\u00e9rie \u201cRealidade Alternativa\u201d ocorre fora da cronologia da Velta, em uma linha temporal onde &#8230; <a title=\"Emir Ribeiro lan\u00e7a Velta Realidade Alternativa com Homenagem ao Vigilante Rodovi\u00e1rio\" class=\"read-more\" href=\"https:\/\/www.vigilanterodoviario.com.br\/retro\/emir-ribeiro-lanca-velta-realidade-alternativa-com-homenagem-ao-vigilante-rodoviario\/\">Acesse aqui<span class=\"screen-reader-text\">Emir Ribeiro lan\u00e7a Velta Realidade Alternativa com Homenagem ao Vigilante Rodovi\u00e1rio<\/span><\/a><\/p>\n","protected":false},"author":2,"featured_media":1175,"comment_status":"closed","ping_status":"closed","sticky":false,"template":"","format":"standard","meta":{"footnotes":""},"categories":[6,2],"tags":[],"class_list":["post-1174","post","type-post","status-publish","format-standard","has-post-thumbnail","hentry","category-noticias","category-novidades"],"_links":{"self":[{"href":"https:\/\/www.vigilanterodoviario.com.br\/retro\/wp-json\/wp\/v2\/posts\/1174","targetHints":{"allow":["GET"]}}],"collection":[{"href":"https:\/\/www.vigilanterodoviario.com.br\/retro\/wp-json\/wp\/v2\/posts"}],"about":[{"href":"https:\/\/www.vigilanterodoviario.com.br\/retro\/wp-json\/wp\/v2\/types\/post"}],"author":[{"embeddable":true,"href":"https:\/\/www.vigilanterodoviario.com.br\/retro\/wp-json\/wp\/v2\/users\/2"}],"replies":[{"embeddable":true,"href":"https:\/\/www.vigilanterodoviario.com.br\/retro\/wp-json\/wp\/v2\/comments?post=1174"}],"version-history":[{"count":0,"href":"https:\/\/www.vigilanterodoviario.com.br\/retro\/wp-json\/wp\/v2\/posts\/1174\/revisions"}],"wp:featuredmedia":[{"embeddable":true,"href":"https:\/\/www.vigilanterodoviario.com.br\/retro\/wp-json\/wp\/v2\/media\/1175"}],"wp:attachment":[{"href":"https:\/\/www.vigilanterodoviario.com.br\/retro\/wp-json\/wp\/v2\/media?parent=1174"}],"wp:term":[{"taxonomy":"category","embeddable":true,"href":"https:\/\/www.vigilanterodoviario.com.br\/retro\/wp-json\/wp\/v2\/categories?post=1174"},{"taxonomy":"post_tag","embeddable":true,"href":"https:\/\/www.vigilanterodoviario.com.br\/retro\/wp-json\/wp\/v2\/tags?post=1174"}],"curies":[{"name":"wp","href":"https:\/\/api.w.org\/{rel}","templated":true}]}}