{"id":1172,"date":"2020-06-16T04:53:55","date_gmt":"2020-06-16T04:53:55","guid":{"rendered":"https:\/\/telaviva.com.br\/?p=357127"},"modified":"2020-06-16T04:53:55","modified_gmt":"2020-06-16T04:53:55","slug":"tv-brasil-apresenta-a-serie-de-ficcao-sacoleiras-s-a","status":"publish","type":"post","link":"https:\/\/www.vigilanterodoviario.com.br\/retro\/tv-brasil-apresenta-a-serie-de-ficcao-sacoleiras-s-a\/","title":{"rendered":"TV Brasil apresenta a s\u00e9rie de fic\u00e7\u00e3o &#8220;Sacoleiras S\/A&#8221;"},"content":{"rendered":"<p><img loading=\"lazy\" decoding=\"async\" width=\"418\" height=\"235\" src=\"https:\/\/www.vigilanterodoviario.com.br\/retro\/wp-content\/uploads\/2022\/02\/tv-brasil-apresenta-a-serie-de-ficcao-sacoleiras-s-a.jpg\" class=\"attachment-imgnoticiatelaviva size-imgnoticiatelaviva wp-post-image jetpack-lazy-image\" alt=\"\" data-lazy-srcset=\"https:\/\/i0.wp.com\/telaviva.com.br\/wp-content\/uploads\/2020\/06\/sacoleiras-sa.jpg?w=1920&amp;ssl=1 1920w, https:\/\/i0.wp.com\/telaviva.com.br\/wp-content\/uploads\/2020\/06\/sacoleiras-sa.jpg?resize=300%2C169&amp;ssl=1 300w, https:\/\/i0.wp.com\/telaviva.com.br\/wp-content\/uploads\/2020\/06\/sacoleiras-sa.jpg?resize=1024%2C576&amp;ssl=1 1024w, https:\/\/i0.wp.com\/telaviva.com.br\/wp-content\/uploads\/2020\/06\/sacoleiras-sa.jpg?resize=768%2C432&amp;ssl=1 768w, https:\/\/i0.wp.com\/telaviva.com.br\/wp-content\/uploads\/2020\/06\/sacoleiras-sa.jpg?resize=1536%2C864&amp;ssl=1 1536w, https:\/\/i0.wp.com\/telaviva.com.br\/wp-content\/uploads\/2020\/06\/sacoleiras-sa.jpg?resize=468%2C263&amp;ssl=1 468w, https:\/\/i0.wp.com\/telaviva.com.br\/wp-content\/uploads\/2020\/06\/sacoleiras-sa.jpg?resize=80%2C45&amp;ssl=1 80w, https:\/\/i0.wp.com\/telaviva.com.br\/wp-content\/uploads\/2020\/06\/sacoleiras-sa.jpg?resize=178%2C100&amp;ssl=1 178w, https:\/\/i0.wp.com\/telaviva.com.br\/wp-content\/uploads\/2020\/06\/sacoleiras-sa.jpg?resize=89%2C50&amp;ssl=1 89w, https:\/\/i0.wp.com\/telaviva.com.br\/wp-content\/uploads\/2020\/06\/sacoleiras-sa.jpg?resize=130%2C73&amp;ssl=1 130w, https:\/\/i0.wp.com\/telaviva.com.br\/wp-content\/uploads\/2020\/06\/sacoleiras-sa.jpg?resize=107%2C60&amp;ssl=1 107w, https:\/\/i0.wp.com\/telaviva.com.br\/wp-content\/uploads\/2020\/06\/sacoleiras-sa.jpg?resize=418%2C235&amp;ssl=1 418w\" data-lazy-sizes=\"(max-width: 418px) 100vw, 418px\" srcset=\"data:image\/gif;base64,R0lGODlhAQABAIAAAAAAAP\/\/\/yH5BAEAAAAALAAAAAABAAEAAAIBRAA7\"\/><\/p>\n<div class=\"chapeudata group\">\n<p>ESTREIA <\/p>\n<p>16\/06\/2020, 01:53<\/p>\n<\/p><\/div>\n<h2>TV Brasil apresenta a s\u00e9rie de fic\u00e7\u00e3o &#8220;Sacoleiras S\/A&#8221;<\/h2>\n<p class=\"p1\">Nesta ter\u00e7a-feira, dia 16 de junho, \u00e0s 23h, a TV Brasil estreia a s\u00e9rie de fic\u00e7\u00e3o &#8220;Sacoleiras S\/A&#8221;. A produ\u00e7\u00e3o paraense vai ao ar semanalmente, no mesmo hor\u00e1rio, em uma faixa com obras de dramaturgia como &#8220;Os Mosqueteiros&#8221;, &#8220;O Vigilante Rodovi\u00e1rio&#8221; e &#8220;Os Ovos da Raposa&#8221;.<\/p>\n<p class=\"p1\">O seriado de humor conta a hist\u00f3ria de J\u00f4, uma dentista que acumula d\u00edvidas em meio \u00e0 crise econ\u00f4mica. Difamada nas redes sociais, a protagonista encontra uma solu\u00e7\u00e3o ilegal para seus problemas envolvendo atividades clandestinas de contrabando. O elenco conta com nomes como B\u00e1rbara Gibson, Joyce Cursino, Astrela Lucena, S\u00e9rgio Carvalho e Silvia Quadros, entre outros.<\/p>\n<p class=\"p1\">Com 13 epis\u00f3dios de 26 minutos cada, a obra independente realizada pela produtora Visagem Filmes foi dirigida pelo jornalista e cineasta Roger Elarrat.<\/p>\n<p><!-- AddThis Advanced Settings above via filter on the_content --><!-- AddThis Advanced Settings below via filter on the_content --><!-- AddThis Advanced Settings generic via filter on the_content --><!-- AddThis Share Buttons above via filter on the_content --><!-- AddThis Share Buttons below via filter on the_content --><!-- AddThis Share Buttons generic via filter on the_content --><\/p>\n<p><h3 class=\"jp-relatedposts-headline\"><em>Relacionado<\/em><\/h3>\n<\/p>\n<p> Cr\u00e9ditos: telaviva.com.br<\/p>\n","protected":false},"excerpt":{"rendered":"<p>ESTREIA 16\/06\/2020, 01:53 TV Brasil apresenta a s\u00e9rie de fic\u00e7\u00e3o &#8220;Sacoleiras S\/A&#8221; Nesta ter\u00e7a-feira, dia 16 de junho, \u00e0s 23h, a TV Brasil estreia a s\u00e9rie de fic\u00e7\u00e3o &#8220;Sacoleiras S\/A&#8221;. A produ\u00e7\u00e3o paraense vai ao ar semanalmente, no mesmo hor\u00e1rio, em uma faixa com obras de dramaturgia como &#8220;Os Mosqueteiros&#8221;, &#8220;O Vigilante Rodovi\u00e1rio&#8221; e &#8220;Os &#8230; <a title=\"TV Brasil apresenta a s\u00e9rie de fic\u00e7\u00e3o &#8220;Sacoleiras S\/A&#8221;\" class=\"read-more\" href=\"https:\/\/www.vigilanterodoviario.com.br\/retro\/tv-brasil-apresenta-a-serie-de-ficcao-sacoleiras-s-a\/\">Acesse aqui<span class=\"screen-reader-text\">TV Brasil apresenta a s\u00e9rie de fic\u00e7\u00e3o &#8220;Sacoleiras S\/A&#8221;<\/span><\/a><\/p>\n","protected":false},"author":2,"featured_media":1173,"comment_status":"closed","ping_status":"closed","sticky":false,"template":"","format":"standard","meta":{"footnotes":""},"categories":[10,6],"tags":[],"class_list":["post-1172","post","type-post","status-publish","format-standard","has-post-thumbnail","hentry","category-na-imprensa","category-noticias"],"_links":{"self":[{"href":"https:\/\/www.vigilanterodoviario.com.br\/retro\/wp-json\/wp\/v2\/posts\/1172","targetHints":{"allow":["GET"]}}],"collection":[{"href":"https:\/\/www.vigilanterodoviario.com.br\/retro\/wp-json\/wp\/v2\/posts"}],"about":[{"href":"https:\/\/www.vigilanterodoviario.com.br\/retro\/wp-json\/wp\/v2\/types\/post"}],"author":[{"embeddable":true,"href":"https:\/\/www.vigilanterodoviario.com.br\/retro\/wp-json\/wp\/v2\/users\/2"}],"replies":[{"embeddable":true,"href":"https:\/\/www.vigilanterodoviario.com.br\/retro\/wp-json\/wp\/v2\/comments?post=1172"}],"version-history":[{"count":0,"href":"https:\/\/www.vigilanterodoviario.com.br\/retro\/wp-json\/wp\/v2\/posts\/1172\/revisions"}],"wp:featuredmedia":[{"embeddable":true,"href":"https:\/\/www.vigilanterodoviario.com.br\/retro\/wp-json\/wp\/v2\/media\/1173"}],"wp:attachment":[{"href":"https:\/\/www.vigilanterodoviario.com.br\/retro\/wp-json\/wp\/v2\/media?parent=1172"}],"wp:term":[{"taxonomy":"category","embeddable":true,"href":"https:\/\/www.vigilanterodoviario.com.br\/retro\/wp-json\/wp\/v2\/categories?post=1172"},{"taxonomy":"post_tag","embeddable":true,"href":"https:\/\/www.vigilanterodoviario.com.br\/retro\/wp-json\/wp\/v2\/tags?post=1172"}],"curies":[{"name":"wp","href":"https:\/\/api.w.org\/{rel}","templated":true}]}}