{"id":1160,"date":"2022-01-03T03:00:00","date_gmt":"2022-01-03T03:00:00","guid":{"rendered":"http:\/\/webapp183660.ip-45-79-27-138.cloudezapp.io\/index.php\/2018\/01\/03\/3-de-janeiro-na-historia-da-tv-em-1997-a-ultima-edicao-da-tv-colosso\/"},"modified":"2022-02-11T17:06:52","modified_gmt":"2022-02-11T17:06:52","slug":"3-de-janeiro-na-historia-da-tv-em-1997-a-ultima-edicao-da-tv-colosso","status":"publish","type":"post","link":"https:\/\/www.vigilanterodoviario.com.br\/retro\/3-de-janeiro-na-historia-da-tv-em-1997-a-ultima-edicao-da-tv-colosso\/","title":{"rendered":"3 de janeiro na hist\u00f3ria da TV: em 1997, a \u00faltima edi\u00e7\u00e3o da TV Colosso"},"content":{"rendered":"<p>Confira os principais fatos que aconteceram no dia 3 de janeiro na hist\u00f3ria da televis\u00e3o brasileira:<\/p>\n<p><strong>No dia 3 de janeiro de 1962, estreava a s\u00e9rie O Vigilante Rodovi\u00e1rio (Tupi).<\/strong><\/p>\n<p>Hist\u00f3rica s\u00e9rie estrelada por Carlos Miranda, que vivia o inspetor de pol\u00edcia Carlos, junto ao seu fiel companheiro, o c\u00e3o Lobo. A produ\u00e7\u00e3o fez muito sucesso na \u00e9poca. Curiosidade: posteriormente, Carlos Miranda acabou realmente entrando para a pol\u00edcia rodovi\u00e1ria.<\/p>\n<p><a href=\"https:\/\/www.vigilanterodoviario.com.br\/retro\/wp-content\/uploads\/2020\/03\/73215148.jpg\"><img loading=\"lazy\" decoding=\"async\" class=\"aligncenter size-full wp-image-1084\" src=\"https:\/\/www.vigilanterodoviario.com.br\/retro\/wp-content\/uploads\/2020\/03\/73215148.jpg\" alt=\"\" width=\"365\" height=\"298\" srcset=\"https:\/\/www.vigilanterodoviario.com.br\/retro\/wp-content\/uploads\/2020\/03\/73215148.jpg 365w, https:\/\/www.vigilanterodoviario.com.br\/retro\/wp-content\/uploads\/2020\/03\/73215148-300x245.jpg 300w\" sizes=\"auto, (max-width: 365px) 100vw, 365px\" \/><\/a><\/p>\n<p><strong>No dia 3 de janeiro de 1966, estreava o jornal\u00edstico Ultranot\u00edcias (Globo).<\/strong><\/p>\n<p>Atrav\u00e9s de filmes da gigante CBS News, este jornal\u00edstico buscava oferecer um panorama completo das principais not\u00edcias do Brasil e do mundo. Era transmitido em duas edi\u00e7\u00f5es di\u00e1rias, \u00e0s 15h e 19h45. Naquele tempo, a TV sobrevivia gra\u00e7as \u00e0s ag\u00eancias de publicidade; a McCann Erickson era quem respondia pela atra\u00e7\u00e3o.<\/p>\n<p><strong>No dia 3 de janeiro de 1982, terminava o humor\u00edstico O Planeta dos Homens (Globo).<\/strong><\/p>\n<p>Estrelado por grandes nomes como J\u00f4 Soares e Agildo Ribeiro, o programa fez muito sucesso. A abertura, criada por Hans Donner, marcou \u00e9poca: um homem-macaco colhia uma banana de um cacho e a descascava lentamente, revelando aos poucos a figura da bailarina Wilma Dias.<\/p>\n<p><strong>No dia 3 de janeiro de 1983, estreava o jornal\u00edstico Bom Dia Brasil (Globo).<\/strong><\/p>\n<p>Telejornal que inaugurava a programa\u00e7\u00e3o matinal da Globo, comandado no in\u00edcio por Carlos Monforte diretamente de Bras\u00edlia, abordando, principalmente, temas pol\u00edticos. Sofreu uma grande reformula\u00e7\u00e3o em 1996, quando passou a ser apresentado diretamente do Rio de Janeiro por Renato Machado e Leilane Neubarth. Atualmente, \u00e9 ancorado por Chico Pinheiro e Ana Paula Ara\u00fajo.<\/p>\n<p><strong>No dia 3 de janeiro de 1983, estreava a reapresenta\u00e7\u00e3o de Plumas e Paet\u00eas (1980) no Vale a Pena Ver de Novo (Globo).<\/strong><img decoding=\"async\" src=\"https:\/\/www.vigilanterodoviario.com.br\/retro\/wp-content\/uploads\/2022\/02\/3-de-janeiro-na-historia-da-tv-em-1997-a-ultima-edicao-da-tv-colosso-3.jpg\" \/><\/p>\n<p>Uma das maiores reprises do Vale a Pena Ver de Novo: 175 cap\u00edtulos, contra 197 do original \u2013 desenvolvidos, a princ\u00edpio, por Cassiano Gabus Mendes, que entregou o texto a Silvio de Abreu ap\u00f3s sofrer um infarto. No elenco, Elizabeth Savala, Cl\u00e1udio Marzo, Jos\u00e9 Wilker, Maria Cl\u00e1udia, L\u00facia Alves, Eva Wilma e Paulo Goulart.<\/p>\n<p><strong>No dia 3 de janeiro de 1983, a estreia dos jornais locais DFTV, MGTV, NETV, RJTV e SPTV (Globo).<\/strong><img decoding=\"async\" src=\"https:\/\/www.vigilanterodoviario.com.br\/retro\/wp-content\/uploads\/2022\/02\/3-de-janeiro-na-historia-da-tv-em-1997-a-ultima-edicao-da-tv-colosso-4.jpg\" \/><\/p>\n<p>A Globo substitu\u00eda o Jornal das Sete por notici\u00e1rios gerados de S\u00e3o Paulo, Rio de Janeiro, Pernambuco, Minas Gerais e Distrito Federal. Hoje rep\u00f3rter especial do Jornal Nacional, Tonico Ferreira comandou a primeira edi\u00e7\u00e3o do SPTV; j\u00e1 Berto Filho (foto) respondia pelo RJTV. Maria Anunciada apresentava o NETV e Neimar Fernandes conduzia o MGTV; o DFTV era de responsabilidade de Carlos Magno.<\/p>\n<p><strong>No dia 3 de janeiro de 1983, estreava a miniss\u00e9rie Moinhos de Vento (Globo).<\/strong><\/p>\n<p>Produ\u00e7\u00e3o de cinco cap\u00edtulos estrelada por Carlos Augusto Strazzer e Ren\u00e9e de Vielmond. Daniel M\u00e1s e Leilah Assun\u00e7\u00e3o conduziam o enredo, dirigido por Walter Avancini, e centrado nos conflitos do casal Leandro e Valentina; \u00e0 ela, restavam apenas seis meses de vida, por conta de um c\u00e2ncer.<\/p>\n<p><strong>No dia 3 de janeiro de 1986, terminava a reapresenta\u00e7\u00e3o de Jogo da Vida (1981) no Vale a Pena Ver de Novo (Globo).<\/strong><\/p>\n<p>Pelo bom trabalho em Plumas e Paet\u00eas (1980), Silvio de Abreu recebeu de Janete Clair a incumb\u00eancia de desenvolver um argumento seu, em torno de uma fortuna escondida em quatro est\u00e1tuas de cupido. Foram 130 cap\u00edtulos \u2013 apenas 37 a menos que o original \u2013 de muito sucesso! Gl\u00f3ria Menezes, Gianfrancesco Guarnieri, Paulo Goulart, Mait\u00ea Proen\u00e7a, D\u00e9bora Bloch e M\u00e1rio Gomes integravam a produ\u00e7\u00e3o.<\/p>\n<p><strong>No dia 3 de janeiro de 1988, estreava o programa Pequenas Empresas &amp; Grandes Neg\u00f3cios (Globo).<\/strong><img decoding=\"async\" src=\"https:\/\/www.vigilanterodoviario.com.br\/retro\/wp-content\/uploads\/2022\/02\/3-de-janeiro-na-historia-da-tv-em-1997-a-ultima-edicao-da-tv-colosso-7.jpg\" \/><\/p>\n<p>A atra\u00e7\u00e3o est\u00e1 no ar at\u00e9 os dias de hoje nas manh\u00e3s de domingo da Globo. O foco do programa est\u00e1 no microempres\u00e1rio; \u2018Pequenas Empresas\u2019 parte de hist\u00f3rias de empreendedores, visando levar conhecimento e experi\u00eancia aos iniciantes na atividade. Geneton Moraes Neto chegou a integrar a equipe e foi apresentado por Esther Jablonski durante muitos anos.<\/p>\n<p><strong>No dia 3 de janeiro de 1992, terminava a novela O Dono do Mundo (Globo).<\/strong><\/p>\n<p><img decoding=\"async\" class=\"lazyload\" src=\"https:\/\/tvhistoria.com.br\/wp-content\/uploads\/2020\/04\/030118-h8-odonodomundo.jpg\" \/><\/p>\n<p>Antonio Fagundes estava \u00e0 frente do elenco desta trama das 20h, como o execr\u00e1vel Felipe Barreto, cirurgi\u00e3o pl\u00e1stico que deflora a virgem M\u00e1rcia (Malu Mader), durante a lua-de-mel da mo\u00e7a com Walter (Tadeu Aguiar). Gilberto Braga fora obrigado a corrigir a rota para emplacar o folhetim, marcado pelos bons desempenhos de Gl\u00f3ria Pires, Fernanda Montenegro, Nathalia Timberg, Let\u00edcia Sabatella e \u00c2ngelo Ant\u00f4nio.<\/p>\n<p><strong>No dia 3 de janeiro de 1997, terminava o programa infantil TV Colosso (Globo).<\/strong><\/p>\n<p><img decoding=\"async\" class=\"lazyload\" src=\"https:\/\/tvhistoria.com.br\/wp-content\/uploads\/2020\/04\/030118-h9-tvcolosso.jpg\" \/><\/p>\n<p>Para substituir o cl\u00e1ssico Xou da Xuxa (1986), a Globo recorreu a uma trupe de c\u00e3es \u2013 na verdade, fof\u00edssimos bonecos de pel\u00facia manipulados por profissionais ou por controle remoto, confeccionados pelo grupo Cem Modos. A produ\u00e7\u00e3o fez sucesso com a crian\u00e7a; especialmente a sheepdog Priscila. TV Colosso rendeu brinquedos, produtos de cama, mesa e banho, gibis e at\u00e9 um filme!<\/p>\n<p><strong>No dia 3 de janeiro de 1997, terminava a temporada 1996 de Malha\u00e7\u00e3o (Globo).<\/strong><\/p>\n<p><img decoding=\"async\" class=\"lazyload\" src=\"https:\/\/tvhistoria.com.br\/wp-content\/uploads\/2020\/04\/020118-h6-malhacao.jpg\" \/><\/p>\n<p>Marcada pelo insucesso em sua fase inicial, quando apostou fortemente em conflitos adultos, a segunda temporada de Malha\u00e7\u00e3o recolocou a audi\u00eancia nos trilhos ao jogar todas as fichas na rela\u00e7\u00e3o da jovem Luiza (Fernanda Rodrigues), com Dado (Cl\u00e1udio Heinrich), seu professor de jiu-j\u00edtsu. O casal tamb\u00e9m esteve presente na primeira fase da novela. No elenco, Camila Pitanga, Eliz\u00e2ngela e Marcos Frota.<\/p>\n<p><strong>No dia 3 de janeiro de 1997, terminava a s\u00e9rie Brava Gente (SBT).<\/strong><\/p>\n<p>A pe\u00e7a Porca Mis\u00e9ria, de Marcos Caruso, serviu de base para esta produ\u00e7\u00e3o, escrita por ele e Jandira Martini \u2013 os dois tamb\u00e9m faziam parte do elenco. Em foco, o cotidiano da fam\u00edlia Messinari, moradores do Bixiga, tradicional reduto italiano de S\u00e3o Paulo. Cristina Pereira, Fl\u00e1via Monteiro, Maria Alice Vergueiro, Miriam Muniz e Osmar Prado completavam o time da produ\u00e7\u00e3o.<\/p>\n<p><strong>No dia 3 de janeiro de 2006, h\u00e1 11 anos, estreava a miniss\u00e9rie JK (Globo).<\/strong><\/p>\n<p><img decoding=\"async\" class=\"lazyload\" src=\"https:\/\/tvhistoria.com.br\/wp-content\/uploads\/2020\/04\/030118-h11-jk.jpg\" \/><\/p>\n<p>O texto de Alcides Nogueira e Maria Adelaide Amaral, dirigido por Dennis Carvalho, recontava a trajet\u00f3ria de Juscelino Kubitscheck, da juventude \u00e0 presid\u00eancia da Rep\u00fablica. Wagner Moura e Jos\u00e9 Wilker dividiam o personagem-t\u00edtulo; D\u00e9bora Falabella e Mar\u00edlia P\u00eara se encarregaram da primeira-dama, Sarah. \u00daltimo trabalho de Aricl\u00ea Perez, que faleceu dois dias ap\u00f3s o t\u00e9rmino das grava\u00e7\u00f5es.<\/p>\n<p><strong>No dia 3 de janeiro de 2011, estreava o programa Cantando no SBT (SBT).<\/strong><\/p>\n<p><img decoding=\"async\" class=\"lazyload\" src=\"https:\/\/tvhistoria.com.br\/wp-content\/uploads\/2020\/04\/030118-h12-cantandonosbt.jpg\" \/><\/p>\n<p>A atra\u00e7\u00e3o era comandada por Yudi Tamashiro e Priscila Alc\u00e2ntara, egressos do Bom Dia &amp; Cia., e tinha Afonso Nigro como jurado. A competi\u00e7\u00e3o musical era dividida em fase eliminat\u00f3ria, com trinta crian\u00e7as; doze disputaram a semifinal e tr\u00eas foram para a final, que premiou Jo\u00e3o Victor, de 12 anos. O reality ficou no ar at\u00e9 26 de abril de 2011, quando chegou ao fim sua terceira temporada.<\/p>\n<p><strong>No dia 3 de janeiro de 2014, terminava a miniss\u00e9rie O Tempo e o Vento (Globo).<\/strong><\/p>\n<p><img decoding=\"async\" class=\"lazyload\" src=\"https:\/\/tvhistoria.com.br\/wp-content\/uploads\/2020\/04\/030118-h13-otempoeovento2014.jpg\" \/><\/p>\n<p>Adapta\u00e7\u00e3o para a TV do filme dirigido por Jayme Monjardim. O roteiro partia da obra de \u00c9rico Ver\u00edssimo, j\u00e1 adaptada em formato de novela (Excelsior, 1967) e miniss\u00e9rie (Globo, 1985). Thiago Lacerda viveu aqui o valente Capit\u00e3o Rodrigo, descendente de Ana Terra (Cleo Pires, no papel que foi de sua m\u00e3e Gl\u00f3ria, em 1985). Marjorie Estiano e Fernanda Montenegro respondiam por Bibiana, a amada de Rodrigo.<\/p>\n<p><strong>No dia 3 de janeiro de 2016, estreava a primeira temporada do reality show The Voice Kids (Globo).<\/strong><\/p>\n<p><img decoding=\"async\" class=\"lazyload\" src=\"https:\/\/tvhistoria.com.br\/wp-content\/uploads\/2020\/04\/030118-h14-thevoicekids.jpg\" \/><\/p>\n<p>Com exibi\u00e7\u00e3o nas tardes de domingo e apresenta\u00e7\u00e3o de Tiago Leifert, a atra\u00e7\u00e3o contou com Carlinhos Brown, Ivete Sangalo e a dupla Victor &amp; Leo como t\u00e9cnicos. Wagner Barreto, do time Victor &amp; Leo, foi o vencedor. Na segunda temporada, vit\u00f3ria de Thomas Machado, do time Ivete Sangalo. A terceira edi\u00e7\u00e3o contar\u00e1 com Cl\u00e1udia Leitte e Simone &amp; Simaria no j\u00fari \u2013 nos postos de Ivete e da dupla sertaneja.<\/p>\n<p><strong>No dia 3 de janeiro de 2017, estreava a miniss\u00e9rie Aldo, Mais Forte Que O Mundo (Globo).<\/strong><\/p>\n<p><img decoding=\"async\" src=\"https:\/\/tvhistoria.com.br\/wp-content\/uploads\/2020\/04\/030118-h15-aldomaisfortequeomundo.jpg\" \/><\/p>\n<p>Longa-metragem de Afonso Poyart, que reconta a trajet\u00f3ria do lutador de MMA Jos\u00e9 Aldo \u2013 vivido na fic\u00e7\u00e3o por Jos\u00e9 Loreto. A produ\u00e7\u00e3o, transformada em miniss\u00e9rie de quatro cap\u00edtulos, trazia ainda Cleo Pires, Cl\u00e1udia Ohana, Jackson Antunes, Milhem Cortaz, Paloma Bernardi e o comediante Rafinha Bastos.<\/p>\n<p><a href=\"https:\/\/www.vigilanterodoviario.com.br\/retro\/wp-content\/uploads\/2022\/02\/3-de-janeiro-na-historia-da-tv-em-1997-a-ultima-edicao-da-tv-colosso.jpg\"><img loading=\"lazy\" decoding=\"async\" class=\"aligncenter size-full wp-image-1161\" src=\"https:\/\/www.vigilanterodoviario.com.br\/retro\/wp-content\/uploads\/2022\/02\/3-de-janeiro-na-historia-da-tv-em-1997-a-ultima-edicao-da-tv-colosso.jpg\" alt=\"\" width=\"600\" height=\"400\" srcset=\"https:\/\/www.vigilanterodoviario.com.br\/retro\/wp-content\/uploads\/2022\/02\/3-de-janeiro-na-historia-da-tv-em-1997-a-ultima-edicao-da-tv-colosso.jpg 600w, https:\/\/www.vigilanterodoviario.com.br\/retro\/wp-content\/uploads\/2022\/02\/3-de-janeiro-na-historia-da-tv-em-1997-a-ultima-edicao-da-tv-colosso-300x200.jpg 300w\" sizes=\"auto, (max-width: 600px) 100vw, 600px\" \/><\/a><\/p>\n<nav class=\"navigation post-navigation\" role=\"navigation\"><\/nav>\n<pre><strong>Cr\u00e9ditos: tvhistoria.com.br<\/strong><\/pre>\n","protected":false},"excerpt":{"rendered":"<p>Confira os principais fatos que aconteceram no dia 3 de janeiro na hist\u00f3ria da televis\u00e3o brasileira: No dia 3 de janeiro de 1962, estreava a s\u00e9rie O Vigilante Rodovi\u00e1rio (Tupi). Hist\u00f3rica s\u00e9rie estrelada por Carlos Miranda, que vivia o inspetor de pol\u00edcia Carlos, junto ao seu fiel companheiro, o c\u00e3o Lobo. A produ\u00e7\u00e3o fez muito &#8230; <a title=\"3 de janeiro na hist\u00f3ria da TV: em 1997, a \u00faltima edi\u00e7\u00e3o da TV Colosso\" class=\"read-more\" href=\"https:\/\/www.vigilanterodoviario.com.br\/retro\/3-de-janeiro-na-historia-da-tv-em-1997-a-ultima-edicao-da-tv-colosso\/\">Acesse aqui<span class=\"screen-reader-text\">3 de janeiro na hist\u00f3ria da TV: em 1997, a \u00faltima edi\u00e7\u00e3o da TV Colosso<\/span><\/a><\/p>\n","protected":false},"author":2,"featured_media":1084,"comment_status":"closed","ping_status":"closed","sticky":false,"template":"","format":"standard","meta":{"footnotes":""},"categories":[6],"tags":[],"class_list":["post-1160","post","type-post","status-publish","format-standard","has-post-thumbnail","hentry","category-noticias"],"_links":{"self":[{"href":"https:\/\/www.vigilanterodoviario.com.br\/retro\/wp-json\/wp\/v2\/posts\/1160","targetHints":{"allow":["GET"]}}],"collection":[{"href":"https:\/\/www.vigilanterodoviario.com.br\/retro\/wp-json\/wp\/v2\/posts"}],"about":[{"href":"https:\/\/www.vigilanterodoviario.com.br\/retro\/wp-json\/wp\/v2\/types\/post"}],"author":[{"embeddable":true,"href":"https:\/\/www.vigilanterodoviario.com.br\/retro\/wp-json\/wp\/v2\/users\/2"}],"replies":[{"embeddable":true,"href":"https:\/\/www.vigilanterodoviario.com.br\/retro\/wp-json\/wp\/v2\/comments?post=1160"}],"version-history":[{"count":2,"href":"https:\/\/www.vigilanterodoviario.com.br\/retro\/wp-json\/wp\/v2\/posts\/1160\/revisions"}],"predecessor-version":[{"id":1194,"href":"https:\/\/www.vigilanterodoviario.com.br\/retro\/wp-json\/wp\/v2\/posts\/1160\/revisions\/1194"}],"wp:featuredmedia":[{"embeddable":true,"href":"https:\/\/www.vigilanterodoviario.com.br\/retro\/wp-json\/wp\/v2\/media\/1084"}],"wp:attachment":[{"href":"https:\/\/www.vigilanterodoviario.com.br\/retro\/wp-json\/wp\/v2\/media?parent=1160"}],"wp:term":[{"taxonomy":"category","embeddable":true,"href":"https:\/\/www.vigilanterodoviario.com.br\/retro\/wp-json\/wp\/v2\/categories?post=1160"},{"taxonomy":"post_tag","embeddable":true,"href":"https:\/\/www.vigilanterodoviario.com.br\/retro\/wp-json\/wp\/v2\/tags?post=1160"}],"curies":[{"name":"wp","href":"https:\/\/api.w.org\/{rel}","templated":true}]}}