{"id":1158,"date":"2022-01-03T14:04:48","date_gmt":"2022-01-03T14:04:48","guid":{"rendered":"https:\/\/tvhistoria.com.br\/?p=93489"},"modified":"2022-02-11T15:36:13","modified_gmt":"2022-02-11T15:36:13","slug":"missao-ingrata-10-programas-que-estrearam-nos-primeiros-dias-do-ano","status":"publish","type":"post","link":"https:\/\/www.vigilanterodoviario.com.br\/retro\/missao-ingrata-10-programas-que-estrearam-nos-primeiros-dias-do-ano\/","title":{"rendered":"Miss\u00e3o ingrata: 10 programas que estrearam nos primeiros dias do ano"},"content":{"rendered":"<p>Ano novo, vida nova \u2013 ou, melhor ainda, programa\u00e7\u00e3o nova! Ao longo da hist\u00f3ria da televis\u00e3o, alguns programas estrearam na grade das emissoras no in\u00edcio do ano, quando geralmente temos reprises no ar. Uns tiveram sucesso e longa dura\u00e7\u00e3o, enquanto outros sa\u00edram do ar no mesmo ano.<\/p>\n<p>Confira 10 exemplos na lista:<\/p>\n<h3><strong>Jornal da Massa<\/strong><\/h3>\n<p><img loading=\"lazy\" decoding=\"async\" class=\"alignnone size-full wp-image-6475\" src=\"https:\/\/www.vigilanterodoviario.com.br\/retro\/wp-content\/uploads\/2022\/02\/missao-ingrata-10-programas-que-estrearam-nos-primeiros-dias-do-ano.jpg\" sizes=\"auto, (max-width: 600px) 100vw, 600px\" srcset=\"https:\/\/www.vigilanterodoviario.com.br\/retro\/wp-content\/uploads\/2022\/02\/missao-ingrata-10-programas-que-estrearam-nos-primeiros-dias-do-ano.jpg 600w, https:\/\/tvhistoria.com.br\/wp-content\/uploads\/2020\/04\/010118-h5-jornaldamassa1-300x200.jpg 300w\" alt=\"Ratinho\" width=\"600\" height=\"400\" \/><\/p>\n<p>O telejornal apresentado por Carlos Massa estreou no dia 1 de janeiro de 2007, no SBT. O jornal misturava not\u00edcias policiais e cr\u00edticas ao governo, mas tamb\u00e9m continha tons humor\u00edsticos, j\u00e1 que a humorista Dani Calabresa realizava reportagens irreverentes pelas ruas de S\u00e3o Paulo.<\/p>\n<p>Mesmo com bons \u00edndices de audi\u00eancia, o telejornal foi cancelado em agosto do mesmo ano. Isso porque Ratinho deixou a atra\u00e7\u00e3o para comandar o programa Voc\u00ea \u00c9 o Jurado, tamb\u00e9m na emissora de Silvio Santos.<\/p>\n<p>Em 2009, o Jornal da Massa reestreou, desta vez na Rede Massa, afiliada do SBT no Paran\u00e1. Ratinho, dono da afiliada, n\u00e3o retornou ao comando do programa, apenas produziu o novo formato. Atualmente no ar, o telejornal deixou o lado c\u00f4mico de lado e \u00e9 comandado por Denian Couto e Paulo Martins.<\/p>\n<div id=\"banner-300x250-area\">\n<h3><strong>Esquenta!<\/strong><\/h3>\n<p><img loading=\"lazy\" decoding=\"async\" class=\"alignnone size-full wp-image-6467\" src=\"https:\/\/www.vigilanterodoviario.com.br\/retro\/wp-content\/uploads\/2022\/02\/missao-ingrata-10-programas-que-estrearam-nos-primeiros-dias-do-ano-1.jpg\" sizes=\"auto, (max-width: 600px) 100vw, 600px\" srcset=\"https:\/\/www.vigilanterodoviario.com.br\/retro\/wp-content\/uploads\/2022\/02\/missao-ingrata-10-programas-que-estrearam-nos-primeiros-dias-do-ano-1.jpg 600w, https:\/\/tvhistoria.com.br\/wp-content\/uploads\/2020\/04\/020118-h8-esquenta-300x200.jpg 300w\" alt=\"Esquenta\" width=\"600\" height=\"400\" \/><\/p>\n<p>Quem n\u00e3o se lembra do \u201cIxxxquentaaaa\u201d, da Regina Cas\u00e9? Transmitido no in\u00edcio das tardes de domingo, na Globo, o programa contou com cinco temporadas e ficou no ar de 2 de janeiro de 2011 at\u00e9 1 de janeiro de 2017.<\/p>\n<p>Com a proposta de trazer uma atra\u00e7\u00e3o voltada para os p\u00fablicos da periferia fluminense, o Esquenta! foi inspirado em antigos programas da emissora, como o Samba, Pagode &amp; Cia. e o Central da Periferia.<\/p>\n<p>Al\u00e9m de Regina Cas\u00e9 no comando, o programa contava com atra\u00e7\u00f5es musicais com Arlindo Cruz, P\u00e9ricles e Xande de Pilares e participa\u00e7\u00f5es de personalidades como Preta Gil, F\u00e1bio Porchat, Luis Lobianco, entre outros nomes.<\/p>\n<h3><strong>Gente Inocente<\/strong><\/h3>\n<p><img loading=\"lazy\" decoding=\"async\" class=\"alignnone size-large wp-image-93503\" src=\"https:\/\/www.vigilanterodoviario.com.br\/retro\/wp-content\/uploads\/2022\/02\/missao-ingrata-10-programas-que-estrearam-nos-primeiros-dias-do-ano-2.jpg\" sizes=\"auto, (max-width: 600px) 100vw, 600px\" srcset=\"https:\/\/www.vigilanterodoviario.com.br\/retro\/wp-content\/uploads\/2022\/02\/missao-ingrata-10-programas-que-estrearam-nos-primeiros-dias-do-ano-2.jpg 600w, https:\/\/tvhistoria.com.br\/wp-content\/uploads\/2022\/01\/gente-inocente-zeca-camargo-marcio-garcia-768x512.jpg 768w, https:\/\/tvhistoria.com.br\/wp-content\/uploads\/2022\/01\/gente-inocente-zeca-camargo-marcio-garcia-150x100.jpg 150w, https:\/\/tvhistoria.com.br\/wp-content\/uploads\/2022\/01\/gente-inocente-zeca-camargo-marcio-garcia.jpg 1200w\" alt=\"Gente Inocente\" width=\"600\" height=\"400\" \/><\/p>\n<p>Comandado por M\u00e1rcio Garcia, o programa de audit\u00f3rio infantil estreou na Globo no dia 2 de janeiro de 2000. Tratava-se de uma vers\u00e3o do programa Essa Gente Inocente, que foi exibido pela TV Excelsior em 1965.<\/p>\n<p>Exibido aos domingos, o programa contava com diversos quadros voltados ao p\u00fablico infantil, como \u201cCantando no Chuveiro\u201d, \u201cEles s\u00e3o Show\u201d, \u201cArquivo Secreto\u201d, \u201cFala Galerinha\u201d e \u201cT\u00e1 no Papo\u201d.<\/p>\n<p>O show de fofura ficou no ar at\u00e9 o dia 28 de julho de 2002. Dois anos depois, em 2004, M\u00e1rcio Garcia deixou a Globo, retornando em 2008. Atualmente, o apresentador est\u00e1 a frente do The Voice Kids.<\/p>\n<div id=\"banner-300x250-2-area\">\n<h3><strong>Bom Dia Brasil<\/strong><\/h3>\n<p><img loading=\"lazy\" decoding=\"async\" class=\"alignnone size-full wp-image-50378\" src=\"https:\/\/www.vigilanterodoviario.com.br\/retro\/wp-content\/uploads\/2022\/02\/missao-ingrata-10-programas-que-estrearam-nos-primeiros-dias-do-ano-3.jpg\" alt=\"Carlos Monforte\" width=\"600\" height=\"400\" \/><\/p>\n<p>O programa foi ao ar pela primeira vez no dia 3 de janeiro de 1983, com apresenta\u00e7\u00e3o de Carlos Monforte. Transmitido diretamente de Bras\u00edlia, inicialmente o jornal\u00edstico tinha cunho essencialmente pol\u00edtico e econ\u00f4mico, n\u00e3o dando espa\u00e7o para outros assuntos. Raramente, tamb\u00e9m eram dadas not\u00edcias de outros estados brasileiros.<\/p>\n<p>Tudo se transformou em 1996, ap\u00f3s mudan\u00e7as no telejornalismo da emissora. Estreou, ent\u00e3o, um Bom Dia Brasil totalmente reformulado, com apresenta\u00e7\u00e3o de Renato Machado e Leilane Neubarth no Rio de Janeiro, Chico Pinheiro em S\u00e3o Paulo e Carlos Monforte em Bras\u00edlia. Desde ent\u00e3o, v\u00e1rios apresentadores passaram pelo comando do telejornal.<\/p>\n<p>Em agosto de 2019, o telejornal inaugurou outra fase, com novo formato e cen\u00e1rio, novas vinhetas, trilhas sonoras, nova identidade visual e novos grafismos.<\/p>\n<h3><strong>Cantando no SBT<\/strong><\/h3>\n<p><img loading=\"lazy\" decoding=\"async\" class=\"alignnone size-full wp-image-6456\" src=\"https:\/\/www.vigilanterodoviario.com.br\/retro\/wp-content\/uploads\/2022\/02\/missao-ingrata-10-programas-que-estrearam-nos-primeiros-dias-do-ano-4.jpg\" sizes=\"auto, (max-width: 600px) 100vw, 600px\" srcset=\"https:\/\/www.vigilanterodoviario.com.br\/retro\/wp-content\/uploads\/2022\/02\/missao-ingrata-10-programas-que-estrearam-nos-primeiros-dias-do-ano-4.jpg 600w, https:\/\/tvhistoria.com.br\/wp-content\/uploads\/2020\/04\/030118-h12-cantandonosbt-300x200.jpg 300w\" alt=\"Cantando no SBT\" width=\"600\" height=\"400\" \/><\/p>\n<p>Depois do Bom Dia &amp; Cia, Yudi Tamashiro e Priscila Alc\u00e2ntara comandaram outra atra\u00e7\u00e3o, o talent show Cantando no SBT. O programa, que ainda tinha o cantor Afonso Nigro como jurado, estreou no dia 3 de janeiro de 2011 e teve tr\u00eas temporadas.<\/p>\n<p>A atra\u00e7\u00e3o ficou no ar at\u00e9 o dia 26 de abril de 2011 e teve como vencedores das temporadas, respectivamente: Jo\u00e3o Victor, de 12 anos, \u00cdcaro, de 10 anos, e o trio Nicolle Fehrmann, Fernando e Nicholas Torres \u2013 o Jaime da novela Carrossel.<\/p>\n<div id=\"banner-300x250-3-area\">\n<h3><strong>O Vigilante Rodovi\u00e1rio<\/strong><\/h3>\n<p><img loading=\"lazy\" decoding=\"async\" class=\"alignnone size-full wp-image-9203\" src=\"https:\/\/tvhistoria.com.br\/wp-content\/uploads\/2020\/04\/091017-ovigilanterodoviario-600x400.jpg\" sizes=\"auto, (max-width: 600px) 100vw, 600px\" srcset=\"https:\/\/tvhistoria.com.br\/wp-content\/uploads\/2020\/04\/091017-ovigilanterodoviario-600x400.jpg 600w, https:\/\/tvhistoria.com.br\/wp-content\/uploads\/2020\/04\/091017-ovigilanterodoviario-600x400-300x200.jpg 300w\" alt=\"Vigilante Rodovi\u00e1rio\" width=\"600\" height=\"400\" \/><\/p>\n<p>O seriado brasileiro foi a realiza\u00e7\u00e3o de um sonho do saudoso cineasta Ary Fernandes, que gostaria de ver na TV um her\u00f3i 100% brasileiro. Exibido na d\u00e9cada de 1960 pela TV Tupi, o seriado estreou no dia 3 de janeiro de 1962.<\/p>\n<p>O Vigilante Rodovi\u00e1rio foi o primeiro seriado filmado em pel\u00edcula de cinema no Brasil e contou com 38 epis\u00f3dios distribu\u00eddos em tr\u00eas temporadas. Seu epis\u00f3dio final foi ao ar no dia 13 de maio de 1967.<\/p>\n<p>Na s\u00e9rie, os personagens Inspetor Carlos, interpretado por Carlos Miranda, e seu c\u00e3o, Lobo, lutavam contra o crime a bordo de uma motocicleta Harley-Davidson 1952 (ou de um Simca Chambord 1959), na altura do km 38 da Rodovia Anhanguera.<\/p>\n<h3><strong>Moacyr Franco Show<\/strong><\/h3>\n<p><img loading=\"lazy\" decoding=\"async\" class=\"alignnone size-full wp-image-6433\" src=\"https:\/\/tvhistoria.com.br\/wp-content\/uploads\/2020\/04\/040118-h3-moacyrfrancoshow.jpg\" sizes=\"auto, (max-width: 600px) 100vw, 600px\" srcset=\"https:\/\/tvhistoria.com.br\/wp-content\/uploads\/2020\/04\/040118-h3-moacyrfrancoshow.jpg 600w, https:\/\/tvhistoria.com.br\/wp-content\/uploads\/2020\/04\/040118-h3-moacyrfrancoshow-300x200.jpg 300w\" alt=\"Regina Duarte e Moacyr Franco\" width=\"600\" height=\"400\" \/><\/p>\n<p>Moacyr Franco \u00e9 um artista completo: ator, cantor, compositor, autor e apresentador de TV. Seja na m\u00fasica, na televis\u00e3o ou no cinema, Moacyr se destacou desde muito cedo, quando ainda estava no ensino fundamental.<\/p>\n<p>E foi sob o seu comando que entrou no ar, no dia 4 de janeiro de 1972, o Moacyr Franco Show, na Rede Globo. Tratava-se de uma das mais importantes atra\u00e7\u00f5es do hor\u00e1rio nobre da emissora na \u00e9poca.<\/p>\n<p>No programa de variedades, o apresentador mostrava todo o seu talento como cantor, compositor, autor e ator, atuando em esquetes de humor e recebendo convidados para apresenta\u00e7\u00f5es musicais e entrevistas.<\/p>\n<p>Inicialmente gravado nos est\u00fadios da Globo no Rio de Janeiro, o programa migrou para S\u00e3o Paulo em abril de 1972 e, no ano seguinte, passou a ser transmitido em cores. Moacyr Franco Show ficou no ar at\u00e9 1977.<\/p>\n<div id=\"banner-300x250-4-area\">\n<h3><strong>Liga\u00e7\u00f5es Perigosas<\/strong><\/h3>\n<p><img loading=\"lazy\" decoding=\"async\" class=\"alignnone size-full wp-image-6297\" src=\"https:\/\/tvhistoria.com.br\/wp-content\/uploads\/2020\/04\/150118-h7-ligacoesperigosas.jpg\" sizes=\"auto, (max-width: 600px) 100vw, 600px\" srcset=\"https:\/\/tvhistoria.com.br\/wp-content\/uploads\/2020\/04\/150118-h7-ligacoesperigosas.jpg 600w, https:\/\/tvhistoria.com.br\/wp-content\/uploads\/2020\/04\/150118-h7-ligacoesperigosas-300x200.jpg 300w\" alt=\"Patricia Pillar e Selton Mello\" width=\"600\" height=\"400\" \/><\/p>\n<p>Por falar em seriado, no dia 4 de janeiro de 2016 a Globo levou ao ar a miniss\u00e9rie Liga\u00e7\u00f5es Perigosas, inspirada no cl\u00e1ssico da literatura francesa \u201cAs Liga\u00e7\u00f5es Perigosas\u201d, de Choderlos de Laclos.<\/p>\n<p>Com 10 cap\u00edtulos, a trama contou com um elenco composto por Patr\u00edcia Pillar, Marjorie Estiano, Selton Mello, Yanna Lavigne, Renato G\u00f3es, Jesu\u00edta Barbosa, Aracy Balabanian e Alice Wegmann, sendo exibida at\u00e9 o dia 15 de janeiro do mesmo ano.<\/p>\n<p>Liga\u00e7\u00f5es Perigosas teve m\u00e9dia de 22,3 pontos de audi\u00eancia no Ibope e foi indicada a diversas premia\u00e7\u00f5es como o Trof\u00e9u APCA, Pr\u00eamio Extra de Televis\u00e3o e Pr\u00eamio Quem de Televis\u00e3o, tendo vencido a categoria de Melhor Chamada (medalha de Bronze) no PromaxBDA Latin America Awards.<\/p>\n<h3><strong>Chico City<\/strong><\/h3>\n<p><img loading=\"lazy\" decoding=\"async\" class=\"alignnone size-full wp-image-46001\" src=\"https:\/\/tvhistoria.com.br\/wp-content\/uploads\/2020\/04\/chico-city-chico-anysio.jpeg\" alt=\"Chico City\" width=\"600\" height=\"400\" \/><\/p>\n<p>Chico Anysio foi um dos artistas mais completos de todos os tempos. Humorista, ator, radioator, produtor, locutor, roteirista, escritor, dublador, apresentador, compositor e pintor brasileiro, esteve \u00e0 frente de diversas atra\u00e7\u00f5es, entre elas o Chico City, programa humor\u00edstico produzido pela Globo e exibido entre 5 de janeiro de 1973 e 24 de abril de 1980.<\/p>\n<p>No in\u00edcio da hist\u00f3ria do programa, todos os quadros se passavam numa cidade do interior do Nordeste, a tal Chico City. O enredo aproveitava o sucesso da novela O Bem-Amado, que fazia gra\u00e7a com personagens daquela regi\u00e3o do Brasil.<\/p>\n<p>Exibida semanalmente, a atra\u00e7\u00e3o contava com o humorista Chico Anysio como figura principal, mas tamb\u00e9m tinha outros nomes no elenco como Berta Loran, Lu\u00eds Delfino, Lucio Mauro, Jos\u00e9 Vasconcellos, Ti\u00e3o Macal\u00e9, entre tantos outros.<\/p>\n<div id=\"banner-300x250-5-area\">\n<h3><strong>Fala Dercy<\/strong><\/h3>\n<p><img loading=\"lazy\" decoding=\"async\" class=\"alignnone size-large wp-image-93495\" src=\"https:\/\/tvhistoria.com.br\/wp-content\/uploads\/2022\/01\/Fala-Dercy-600x400.jpeg\" sizes=\"auto, (max-width: 600px) 100vw, 600px\" srcset=\"https:\/\/tvhistoria.com.br\/wp-content\/uploads\/2022\/01\/Fala-Dercy-600x400.jpeg 600w, https:\/\/tvhistoria.com.br\/wp-content\/uploads\/2022\/01\/Fala-Dercy-768x512.jpeg 768w, https:\/\/tvhistoria.com.br\/wp-content\/uploads\/2022\/01\/Fala-Dercy-150x100.jpeg 150w, https:\/\/tvhistoria.com.br\/wp-content\/uploads\/2022\/01\/Fala-Dercy.jpeg 1200w\" alt=\"Dercy Gon\u00e7alves\" width=\"600\" height=\"400\" \/><\/p>\n<p>Quem n\u00e3o se lembra da desbocada e querida Dercy Gon\u00e7alves, atriz que nos deixou em 2008 com 101 anos de idade? A atriz, humorista e cantora brasileira comandou o programa de audit\u00f3rio Fala Dercy, que estreou no dia 4 de janeiro de 2000, no SBT.<\/p>\n<p>Na atra\u00e7\u00e3o, Dercy atuava em um cen\u00e1rio luxuoso, com m\u00f3veis Lu\u00eds XV, cortinas de cetim, cristaleiras, aparelhos de jantar de porcelana chinesa e lavat\u00f3rios folheados a ouro.<\/p>\n<p>Al\u00e9m de debater temas pol\u00eamicos com pol\u00edticos e artistas, a apresentadora conduzia entrevistas com diversas celebridades, como cantores, grupos musicais e artistas.<\/p>\n<p>A atra\u00e7\u00e3o ficou no ar at\u00e9 o dia 27 de agosto de 2000 e foi o \u00faltimo programa comandado por Dercy, contratada pelo SBT com um sal\u00e1rio vital\u00edcio oferecido pelo pr\u00f3prio Silvio Santos.<\/p>\n<div class=\"post-author\">\n<div class=\"row\">\n<div class=\"col-lg-9 col-md-8 col-sm-8\">\n<div class=\"block-heading block-heading--line-around\"><\/div>\n<\/div>\n<\/div>\n<\/div>\n<nav class=\"navigation post-navigation\" role=\"navigation\"><\/nav>\n<pre><strong>Cr\u00e9ditos: tvhistoria.com.br<\/strong><\/pre>\n<\/div>\n<\/div>\n<\/div>\n<\/div>\n<\/div>\n","protected":false},"excerpt":{"rendered":"<p>Ano novo, vida nova \u2013 ou, melhor ainda, programa\u00e7\u00e3o nova! Ao longo da hist\u00f3ria da televis\u00e3o, alguns programas estrearam na grade das emissoras no in\u00edcio do ano, quando geralmente temos reprises no ar. Uns tiveram sucesso e longa dura\u00e7\u00e3o, enquanto outros sa\u00edram do ar no mesmo ano. Confira 10 exemplos na lista: Jornal da Massa &#8230; <a title=\"Miss\u00e3o ingrata: 10 programas que estrearam nos primeiros dias do ano\" class=\"read-more\" href=\"https:\/\/www.vigilanterodoviario.com.br\/retro\/missao-ingrata-10-programas-que-estrearam-nos-primeiros-dias-do-ano\/\">Acesse aqui<span class=\"screen-reader-text\">Miss\u00e3o ingrata: 10 programas que estrearam nos primeiros dias do ano<\/span><\/a><\/p>\n","protected":false},"author":2,"featured_media":799,"comment_status":"closed","ping_status":"closed","sticky":false,"template":"","format":"standard","meta":{"footnotes":""},"categories":[6],"tags":[],"class_list":["post-1158","post","type-post","status-publish","format-standard","has-post-thumbnail","hentry","category-noticias"],"_links":{"self":[{"href":"https:\/\/www.vigilanterodoviario.com.br\/retro\/wp-json\/wp\/v2\/posts\/1158","targetHints":{"allow":["GET"]}}],"collection":[{"href":"https:\/\/www.vigilanterodoviario.com.br\/retro\/wp-json\/wp\/v2\/posts"}],"about":[{"href":"https:\/\/www.vigilanterodoviario.com.br\/retro\/wp-json\/wp\/v2\/types\/post"}],"author":[{"embeddable":true,"href":"https:\/\/www.vigilanterodoviario.com.br\/retro\/wp-json\/wp\/v2\/users\/2"}],"replies":[{"embeddable":true,"href":"https:\/\/www.vigilanterodoviario.com.br\/retro\/wp-json\/wp\/v2\/comments?post=1158"}],"version-history":[{"count":0,"href":"https:\/\/www.vigilanterodoviario.com.br\/retro\/wp-json\/wp\/v2\/posts\/1158\/revisions"}],"wp:featuredmedia":[{"embeddable":true,"href":"https:\/\/www.vigilanterodoviario.com.br\/retro\/wp-json\/wp\/v2\/media\/799"}],"wp:attachment":[{"href":"https:\/\/www.vigilanterodoviario.com.br\/retro\/wp-json\/wp\/v2\/media?parent=1158"}],"wp:term":[{"taxonomy":"category","embeddable":true,"href":"https:\/\/www.vigilanterodoviario.com.br\/retro\/wp-json\/wp\/v2\/categories?post=1158"},{"taxonomy":"post_tag","embeddable":true,"href":"https:\/\/www.vigilanterodoviario.com.br\/retro\/wp-json\/wp\/v2\/tags?post=1158"}],"curies":[{"name":"wp","href":"https:\/\/api.w.org\/{rel}","templated":true}]}}