{"id":1122,"date":"2021-09-25T14:33:26","date_gmt":"2021-09-25T14:33:26","guid":{"rendered":"http:\/\/www.vigilanterodoviario.com.br\/retro\/?p=1122"},"modified":"2022-02-11T17:18:37","modified_gmt":"2022-02-11T17:18:37","slug":"tv-brasil-compra-direitos-da-serie-aguias-de-fogo-de-1968-que-fazia-homenagem-a-fab","status":"publish","type":"post","link":"https:\/\/www.vigilanterodoviario.com.br\/retro\/tv-brasil-compra-direitos-da-serie-aguias-de-fogo-de-1968-que-fazia-homenagem-a-fab\/","title":{"rendered":"TV Brasil exibe s\u00e9rie \u2018\u00c1guias de Fogo\u2019 de 1968, que presta homenagem \u00e0 FAB"},"content":{"rendered":"<p>A Procitel Produ\u00e7\u00f5es Cine Televis\u00e3o LICENCIOU os direitos de \u201c\u00c1guias de Fogo\u201d para a TV Brasil, este seriado foi CRIADO pelo mesmo autor de \u201cO Vigilante Rodovi\u00e1rio\u201d, o cineasta Ary Fernandes. Lan\u00e7ado em 1968, <strong>\u00c1guias de Fogo<\/strong>, que tamb\u00e9m foi produzido e dirigido por Ary Fernandes, mostra as a\u00e7\u00f5es de um heroico esquadr\u00e3o de avia\u00e7\u00e3o militar brasileira.<!--more--><\/p>\n<p>Fernandes, que j\u00e1 fora o respons\u00e1vel pela s\u00e9rie de TV de grande sucesso no Pa\u00eds O Vigilante Rodovi\u00e1rio (1962), se inspirou em hist\u00f3rias de hero\u00edsmo e bravura que constam dos arquivos da For\u00e7a A\u00e9rea Brasileira, e que muitas vezes n\u00e3o s\u00e3o apenas hist\u00f3rias de guerra, para criar os argumentos para a s\u00e9rie, personificando em um \u00fanico esquadr\u00e3o da FAB, as aventuras vividas por centenas de aviadores atrav\u00e9s dos tempos.<\/p>\n<p>Os epis\u00f3dios retratam a luta no interior do Brasil na busca de salvamento de acidentados, alimenta\u00e7\u00e3o para a popula\u00e7\u00e3o de \u00e1reas sitiadas pelas \u00e1guas, e outros exemplos de bravura e servi\u00e7os para a P\u00e1tria. H\u00e1 tamb\u00e9m frequentes enfrentamentos contra espi\u00f5es, agentes estrangeiros e terroristas, mostrados como os tradicionais vil\u00f5es de cinema e quadrinhos, com as refer\u00eancias ideol\u00f3gicas e pol\u00edticas da \u00e9poca n\u00e3o sendo expressas.<\/p>\n<p>O esquadr\u00e3o \u00e9 protagonizado pelos atores abaixo, nos pap\u00e9is de:<\/p>\n<p>Major Ricardo, severo comandante do esquadr\u00e3o (Dirceu Conte)<br \/>\nCapit\u00e3o C\u00e9sar, l\u00edder das miss\u00f5es de campo (Ary Fernandes)<br \/>\nAspirante F\u00e1bio, piloto que sempre causa risos e broncas falando de garotas (Roberto Bolant)<br \/>\nSargento Fritz, respons\u00e1vel pelas comunica\u00e7\u00f5es, afrodescendente especialista em capoeira (Edson Pereira).<\/p>\n<p><iframe loading=\"lazy\" width=\"560\" height=\"315\" src=\"https:\/\/www.youtube.com\/embed\/NE3DtxRz5MY\" title=\"YouTube video player\" frameborder=\"0\" allow=\"accelerometer; autoplay; clipboard-write; encrypted-media; gyroscope; picture-in-picture\" allowfullscreen=\"\"><\/iframe><\/p>\n<p>A s\u00e9rie teve um total de 26 epis\u00f3dios e foi ao ar em 15 de mar\u00e7o de 1968 pela extinta TV Tupi.<\/p>\n<p>Havia um 5\u00ba personagem, Tenente Celso, interpretado pelo ator Ricardo N\u00f3voa que participou somente de 4 epis\u00f3dios.<\/p>\n<p>A produ\u00e7\u00e3o da s\u00e9rie durou apenas 10 meses, entre 1967 e 1968. Ela perdeu a guerra de audi\u00eancia para as novelas.<\/p>\n<p><strong><em>Texto publicado tamb\u00e9m em <a href=\"https:\/\/www.aereo.jor.br\/2021\/09\/27\/tv-brasil-compra-direitos-da-serie-aguias-de-fogo-de-1968-que-fazia-homenagem-a-fab\/\" target=\"_blank\" rel=\"noopener\">Poder A\u00e9reo<\/a> pelo jornalista Alexandre Galante!<\/em><\/strong><\/p>\n","protected":false},"excerpt":{"rendered":"<p>A Procitel Produ\u00e7\u00f5es Cine Televis\u00e3o LICENCIOU os direitos de \u201c\u00c1guias de Fogo\u201d para a TV Brasil, este seriado foi CRIADO pelo mesmo autor de \u201cO Vigilante Rodovi\u00e1rio\u201d, o cineasta Ary Fernandes. Lan\u00e7ado em 1968, \u00c1guias de Fogo, que tamb\u00e9m foi produzido e dirigido por Ary Fernandes, mostra as a\u00e7\u00f5es de um heroico esquadr\u00e3o de avia\u00e7\u00e3o &#8230; <a title=\"TV Brasil exibe s\u00e9rie \u2018\u00c1guias de Fogo\u2019 de 1968, que presta homenagem \u00e0 FAB\" class=\"read-more\" href=\"https:\/\/www.vigilanterodoviario.com.br\/retro\/tv-brasil-compra-direitos-da-serie-aguias-de-fogo-de-1968-que-fazia-homenagem-a-fab\/\">Acesse aqui<span class=\"screen-reader-text\">TV Brasil exibe s\u00e9rie \u2018\u00c1guias de Fogo\u2019 de 1968, que presta homenagem \u00e0 FAB<\/span><\/a><\/p>\n","protected":false},"author":2,"featured_media":701,"comment_status":"closed","ping_status":"open","sticky":false,"template":"","format":"standard","meta":{"footnotes":""},"categories":[6],"tags":[],"class_list":["post-1122","post","type-post","status-publish","format-standard","has-post-thumbnail","hentry","category-noticias"],"_links":{"self":[{"href":"https:\/\/www.vigilanterodoviario.com.br\/retro\/wp-json\/wp\/v2\/posts\/1122","targetHints":{"allow":["GET"]}}],"collection":[{"href":"https:\/\/www.vigilanterodoviario.com.br\/retro\/wp-json\/wp\/v2\/posts"}],"about":[{"href":"https:\/\/www.vigilanterodoviario.com.br\/retro\/wp-json\/wp\/v2\/types\/post"}],"author":[{"embeddable":true,"href":"https:\/\/www.vigilanterodoviario.com.br\/retro\/wp-json\/wp\/v2\/users\/2"}],"replies":[{"embeddable":true,"href":"https:\/\/www.vigilanterodoviario.com.br\/retro\/wp-json\/wp\/v2\/comments?post=1122"}],"version-history":[{"count":2,"href":"https:\/\/www.vigilanterodoviario.com.br\/retro\/wp-json\/wp\/v2\/posts\/1122\/revisions"}],"predecessor-version":[{"id":1197,"href":"https:\/\/www.vigilanterodoviario.com.br\/retro\/wp-json\/wp\/v2\/posts\/1122\/revisions\/1197"}],"wp:featuredmedia":[{"embeddable":true,"href":"https:\/\/www.vigilanterodoviario.com.br\/retro\/wp-json\/wp\/v2\/media\/701"}],"wp:attachment":[{"href":"https:\/\/www.vigilanterodoviario.com.br\/retro\/wp-json\/wp\/v2\/media?parent=1122"}],"wp:term":[{"taxonomy":"category","embeddable":true,"href":"https:\/\/www.vigilanterodoviario.com.br\/retro\/wp-json\/wp\/v2\/categories?post=1122"},{"taxonomy":"post_tag","embeddable":true,"href":"https:\/\/www.vigilanterodoviario.com.br\/retro\/wp-json\/wp\/v2\/tags?post=1122"}],"curies":[{"name":"wp","href":"https:\/\/api.w.org\/{rel}","templated":true}]}}