{"id":1094,"date":"2020-06-17T13:37:05","date_gmt":"2020-06-17T13:37:05","guid":{"rendered":"http:\/\/www.vigilanterodoviario.com.br\/retro\/?p=1094"},"modified":"2020-06-17T13:37:52","modified_gmt":"2020-06-17T13:37:52","slug":"tv-brasil-em-sao-paulo-muda-para-o-canal-1-na-proxima-segunda-feira","status":"publish","type":"post","link":"https:\/\/www.vigilanterodoviario.com.br\/retro\/tv-brasil-em-sao-paulo-muda-para-o-canal-1-na-proxima-segunda-feira\/","title":{"rendered":"TV Brasil em S\u00e3o Paulo muda para o canal 1 na pr\u00f3xima segunda-feira"},"content":{"rendered":"<p>A partir da pr\u00f3xima segunda-feira (22), assistir \u00e0 TV Brasil em S\u00e3o Paulo ficar\u00e1 ainda mais pr\u00e1tico e r\u00e1pido, no canal aberto 1.<\/p>\n<p>Para ter acesso ao canal 1 \u2013 TV Brasil, da TV digital aberta em S\u00e3o Paulo, basta ir ao menu do seu aparelho televisivo, procurar pela programa\u00e7\u00e3o autom\u00e1tica dos canais, iniciar o processo de sintonia e, ao final da \u201cvarredura\u201d, voc\u00ea ter\u00e1 o canal 1 programado como TV Brasil em alta defini\u00e7\u00e3o de imagem e  qualidade de som digital. <!--more--><\/p>\n<p>O presidente da Empresa Brasil de Comunica\u00e7\u00e3o (EBC), Luiz Carlos Pereira Gomes, ressalta que a mudan\u00e7a \u00e9 estrat\u00e9gica e aproxima ainda mais a emissora do p\u00fablico: \u201cA partir de agora, a TV Brasil ganha em posicionamento e relev\u00e2ncia em rela\u00e7\u00e3o aos demais canais. Levar uma TV em canal aberto digital para a maior cidade da Am\u00e9rica e abrir o espectro de frequ\u00eancias com o canal 1 tem uma representatividade muito grande.\u201d<\/p>\n<p>S\u00e3o Paulo e a grande metr\u00f3pole ter\u00e3o acesso \u00e0 informa\u00e7\u00e3o qualificada, \u00e0 maior programa\u00e7\u00e3o infantil da TV brasileira \u2013 com mais de 10 horas por dia; muito entretenimento, m\u00fasica, cultura, educa\u00e7\u00e3o e esportes. <\/p>\n<p>O diretor de Conte\u00fado e Programa\u00e7\u00e3o da EBC, Denilson Morales, conta que a data da mudan\u00e7a foi escolhida por conta do car\u00e1ter hist\u00f3rico do m\u00eas de junho e da rela\u00e7\u00e3o com a TV brasileira. \u201cH\u00e1 70 anos, em S\u00e3o Paulo, ocorria a primeira transmiss\u00e3o experimental de TV no pa\u00eds e, nada mais simb\u00f3lico e importante que a TV Brasil, uma emissora que se recria, que se consolida, que \u00e9 de todos os cidad\u00e3os, estar no canal n\u00famero 1, na maior cidade do Brasil\u201d, afirma.  Ele lembra que o m\u00eas de junho tamb\u00e9m carrega outros grandes significados de relev\u00e2ncia ao povo brasileiro \u2013 como as festas juninas, a comemora\u00e7\u00e3o dos 50 anos da conquista do Tri Campeonato de Futebol no M\u00e9xico e o m\u00eas da M\u00eddia. <\/p>\n<p>Morales destaca que a TV Brasil, emissora da EBC, \u00e9 refer\u00eancia em comunica\u00e7\u00e3o p\u00fablica, a exemplo de outras TVs p\u00fablicas no mundo com BBC, RAI, RTP, TVE. \u201cA TV Brasil apresenta \u00e0 sociedade uma programa\u00e7\u00e3o que contribu\u00ed para a forma\u00e7\u00e3o, por meio de produtos diversos, gratuitos e de qualidade. Nos \u00faltimos anos, vem se consolidando junto \u00e0 popula\u00e7\u00e3o.  E, a partir de segunda-feira, como em outras cidades do pa\u00eds onde j\u00e1 estamos em canais iniciais \u2013 RJ, MA, DF \u2013 seremos ainda mais reconhecidos e continuaremos fortalecendo o principal canal p\u00fablico de TV do pa\u00eds\u201d, enfatiza o diretor. <\/p>\n<p>Com uma programa\u00e7\u00e3o renovada e din\u00e2mica, a emissora p\u00fablica estreou neste m\u00eas de junho cinco novas atra\u00e7\u00f5es. A nova temporada do Conhecendo Museus, o novo programa TV Brasil Esporte, e as s\u00e9ries documentais in\u00e9ditas Vale Indomado, Animais Beb\u00eas e Criaturas Estranhas, (ter\u00e7a \u00e0s 21h), produ\u00e7\u00f5es do canal canadense Love Nature.<\/p>\n<p>Com epis\u00f3dios di\u00e1rios, de segunda a sexta, \u00e0s 7h15, o programa Conhecendo Museus percorre 20 espa\u00e7os culturais sobre moda, gastronomia, ci\u00eancia e tecnologia. A produ\u00e7\u00e3o \u00e9 uma parceria da EBC com a Funda\u00e7\u00e3o Jos\u00e9 de Paiva Netto (FJPN) e o Instituto Brasileiro de Museus (Ibram).<\/p>\n<p><a href=\"https:\/\/tvbrasil.ebc.com.br\/comosintonizar\" rel=\"noopener\" target=\"_blank\"><strong>Saiba como sintonizar a TV Brasil<\/strong><\/a><\/p>\n<p>Em 16 mar\u00e7o deste ano, a TV Brasil lan\u00e7ou nova programa\u00e7\u00e3o com destaque para a estreia de novas atra\u00e7\u00f5es e s\u00e9ries documentais e de fic\u00e7\u00e3o renomadas como o premiado drama policial brit\u00e2nico Sherlock e a <a href=\"https:\/\/tvbrasil.ebc.com.br\/o-vigilante-rodoviario\" rel=\"noopener\" target=\"_blank\"><strong>trama nacional pioneira de O Vigilante Rodovi\u00e1rio<\/strong><\/a>. A emissora tamb\u00e9m investiu na produ\u00e7\u00e3o interna, na aquisi\u00e7\u00e3o de novos conte\u00fados e em obras independentes como Acervo Musical, Brasil sobre Duas Rodas, Cai no Vestibular, Ci\u00eancia \u00e9 Tudo, Curta Temporada, Meu Peda\u00e7o do Brasil e Vida + Leve.<\/p>\n","protected":false},"excerpt":{"rendered":"<p>A partir da pr\u00f3xima segunda-feira (22), assistir \u00e0 TV Brasil em S\u00e3o Paulo ficar\u00e1 ainda mais pr\u00e1tico e r\u00e1pido, no canal aberto 1. Para ter acesso ao canal 1 \u2013 TV Brasil, da TV digital aberta em S\u00e3o Paulo, basta ir ao menu do seu aparelho televisivo, procurar pela programa\u00e7\u00e3o autom\u00e1tica dos canais, iniciar o &#8230; <a title=\"TV Brasil em S\u00e3o Paulo muda para o canal 1 na pr\u00f3xima segunda-feira\" class=\"read-more\" href=\"https:\/\/www.vigilanterodoviario.com.br\/retro\/tv-brasil-em-sao-paulo-muda-para-o-canal-1-na-proxima-segunda-feira\/\">Acesse aqui<span class=\"screen-reader-text\">TV Brasil em S\u00e3o Paulo muda para o canal 1 na pr\u00f3xima segunda-feira<\/span><\/a><\/p>\n","protected":false},"author":2,"featured_media":1095,"comment_status":"closed","ping_status":"open","sticky":false,"template":"","format":"standard","meta":{"footnotes":""},"categories":[6],"tags":[],"class_list":["post-1094","post","type-post","status-publish","format-standard","has-post-thumbnail","hentry","category-noticias"],"_links":{"self":[{"href":"https:\/\/www.vigilanterodoviario.com.br\/retro\/wp-json\/wp\/v2\/posts\/1094","targetHints":{"allow":["GET"]}}],"collection":[{"href":"https:\/\/www.vigilanterodoviario.com.br\/retro\/wp-json\/wp\/v2\/posts"}],"about":[{"href":"https:\/\/www.vigilanterodoviario.com.br\/retro\/wp-json\/wp\/v2\/types\/post"}],"author":[{"embeddable":true,"href":"https:\/\/www.vigilanterodoviario.com.br\/retro\/wp-json\/wp\/v2\/users\/2"}],"replies":[{"embeddable":true,"href":"https:\/\/www.vigilanterodoviario.com.br\/retro\/wp-json\/wp\/v2\/comments?post=1094"}],"version-history":[{"count":0,"href":"https:\/\/www.vigilanterodoviario.com.br\/retro\/wp-json\/wp\/v2\/posts\/1094\/revisions"}],"wp:featuredmedia":[{"embeddable":true,"href":"https:\/\/www.vigilanterodoviario.com.br\/retro\/wp-json\/wp\/v2\/media\/1095"}],"wp:attachment":[{"href":"https:\/\/www.vigilanterodoviario.com.br\/retro\/wp-json\/wp\/v2\/media?parent=1094"}],"wp:term":[{"taxonomy":"category","embeddable":true,"href":"https:\/\/www.vigilanterodoviario.com.br\/retro\/wp-json\/wp\/v2\/categories?post=1094"},{"taxonomy":"post_tag","embeddable":true,"href":"https:\/\/www.vigilanterodoviario.com.br\/retro\/wp-json\/wp\/v2\/tags?post=1094"}],"curies":[{"name":"wp","href":"https:\/\/api.w.org\/{rel}","templated":true}]}}