{"id":1081,"date":"2020-03-10T17:54:18","date_gmt":"2020-03-10T17:54:18","guid":{"rendered":"http:\/\/www.vigilanterodoviario.com.br\/retro\/?p=1081"},"modified":"2020-03-17T01:22:07","modified_gmt":"2020-03-17T01:22:07","slug":"o-vigilante-rodoviario-estreia-na-tv-brasil-2","status":"publish","type":"post","link":"https:\/\/www.vigilanterodoviario.com.br\/retro\/o-vigilante-rodoviario-estreia-na-tv-brasil-2\/","title":{"rendered":"O Vigilante Rodovi\u00e1rio estreia dia 17\/03 na TV Brasil, TV ABERTA"},"content":{"rendered":"<p><strong>A Procitel e a <a href=\"https:\/\/tvbrasil.ebc.com.br\/\" rel=\"noopener\" target=\"_blank\">TV Brasil<\/a> selaram parceria e a partir de 17\/03, todas as 3\u00aa feiras \u00e0s 23:30hs, com reprise aos domingos \u00e0s 22:30hs, nossos her\u00f3is Vigilante Carlos e o c\u00e3o Lobo, estar\u00e3o nas telas da TV Brasil\/TV ABERTA. Sintonize a TV Brasil em sua antena digital ou consulte o canal que \u00e9 aberto em sua operadora!<br \/>\nAcesse o link: <a href=\"https:\/\/tvbrasil.ebc.com.br\/comosintonizar\" rel=\"noopener\" target=\"_blank\">https:\/\/tvbrasil.ebc.com.br\/comosintonizar<\/a><br \/>\n<\/strong><\/p>\n<p><!--more--><\/p>\n<p><a href=\"http:\/\/www.vigilanterodoviario.com.br\/retro\/wp-content\/uploads\/2016\/10\/122946.jpg\" rel=\"attachment wp-att-799\"><img loading=\"lazy\" decoding=\"async\" src=\"http:\/\/www.vigilanterodoviario.com.br\/retro\/wp-content\/uploads\/2016\/10\/122946.jpg\" alt=\"122946\" width=\"590\" height=\"330\" class=\"aligncenter size-full wp-image-799\" srcset=\"https:\/\/www.vigilanterodoviario.com.br\/retro\/wp-content\/uploads\/2016\/10\/122946.jpg 590w, https:\/\/www.vigilanterodoviario.com.br\/retro\/wp-content\/uploads\/2016\/10\/122946-300x168.jpg 300w\" sizes=\"auto, (max-width: 590px) 100vw, 590px\" \/><\/a><\/p>\n<p><a href=\"http:\/\/www.vigilanterodoviario.com.br\/retro\/wp-content\/uploads\/2020\/03\/73215148.jpg\" rel=\"attachment wp-att-1084\"><img loading=\"lazy\" decoding=\"async\" src=\"http:\/\/www.vigilanterodoviario.com.br\/retro\/wp-content\/uploads\/2020\/03\/73215148.jpg\" alt=\"O Vigilante Rodovi\u00e1rio\" width=\"365\" height=\"298\" class=\"aligncenter size-full wp-image-1084\" srcset=\"https:\/\/www.vigilanterodoviario.com.br\/retro\/wp-content\/uploads\/2020\/03\/73215148.jpg 365w, https:\/\/www.vigilanterodoviario.com.br\/retro\/wp-content\/uploads\/2020\/03\/73215148-300x245.jpg 300w\" sizes=\"auto, (max-width: 365px) 100vw, 365px\" \/><\/a><\/p>\n<p><a href=\"http:\/\/www.vigilanterodoviario.com.br\/retro\/wp-content\/uploads\/2020\/03\/73215148a.jpg\" rel=\"attachment wp-att-1086\"><img loading=\"lazy\" decoding=\"async\" src=\"http:\/\/www.vigilanterodoviario.com.br\/retro\/wp-content\/uploads\/2020\/03\/73215148a.jpg\" alt=\"O Vigilante Rodovi\u00e1rio\" width=\"210\" height=\"280\" class=\"aligncenter size-full wp-image-1086\" \/><\/a><\/p>\n<p><a href=\"http:\/\/www.vigilanterodoviario.com.br\/retro\/wp-content\/uploads\/2016\/10\/122944a.jpg\" rel=\"attachment wp-att-873\"><img loading=\"lazy\" decoding=\"async\" src=\"http:\/\/www.vigilanterodoviario.com.br\/retro\/wp-content\/uploads\/2016\/10\/122944a.jpg\" alt=\"Aventura em Vila Velha\" width=\"425\" height=\"235\" class=\"aligncenter size-full wp-image-873\" srcset=\"https:\/\/www.vigilanterodoviario.com.br\/retro\/wp-content\/uploads\/2016\/10\/122944a.jpg 425w, https:\/\/www.vigilanterodoviario.com.br\/retro\/wp-content\/uploads\/2016\/10\/122944a-300x166.jpg 300w\" sizes=\"auto, (max-width: 425px) 100vw, 425px\" \/><\/a><\/p>\n","protected":false},"excerpt":{"rendered":"<p>A Procitel e a TV Brasil selaram parceria e a partir de 17\/03, todas as 3\u00aa feiras \u00e0s 23:30hs, com reprise aos domingos \u00e0s 22:30hs, nossos her\u00f3is Vigilante Carlos e o c\u00e3o Lobo, estar\u00e3o nas telas da TV Brasil\/TV ABERTA. Sintonize a TV Brasil em sua antena digital ou consulte o canal que \u00e9 aberto &#8230; <a title=\"O Vigilante Rodovi\u00e1rio estreia dia 17\/03 na TV Brasil, TV ABERTA\" class=\"read-more\" href=\"https:\/\/www.vigilanterodoviario.com.br\/retro\/o-vigilante-rodoviario-estreia-na-tv-brasil-2\/\">Acesse aqui<span class=\"screen-reader-text\">O Vigilante Rodovi\u00e1rio estreia dia 17\/03 na TV Brasil, TV ABERTA<\/span><\/a><\/p>\n","protected":false},"author":2,"featured_media":1068,"comment_status":"closed","ping_status":"open","sticky":false,"template":"","format":"standard","meta":{"footnotes":""},"categories":[6,2],"tags":[],"class_list":["post-1081","post","type-post","status-publish","format-standard","has-post-thumbnail","hentry","category-noticias","category-novidades"],"_links":{"self":[{"href":"https:\/\/www.vigilanterodoviario.com.br\/retro\/wp-json\/wp\/v2\/posts\/1081","targetHints":{"allow":["GET"]}}],"collection":[{"href":"https:\/\/www.vigilanterodoviario.com.br\/retro\/wp-json\/wp\/v2\/posts"}],"about":[{"href":"https:\/\/www.vigilanterodoviario.com.br\/retro\/wp-json\/wp\/v2\/types\/post"}],"author":[{"embeddable":true,"href":"https:\/\/www.vigilanterodoviario.com.br\/retro\/wp-json\/wp\/v2\/users\/2"}],"replies":[{"embeddable":true,"href":"https:\/\/www.vigilanterodoviario.com.br\/retro\/wp-json\/wp\/v2\/comments?post=1081"}],"version-history":[{"count":0,"href":"https:\/\/www.vigilanterodoviario.com.br\/retro\/wp-json\/wp\/v2\/posts\/1081\/revisions"}],"wp:featuredmedia":[{"embeddable":true,"href":"https:\/\/www.vigilanterodoviario.com.br\/retro\/wp-json\/wp\/v2\/media\/1068"}],"wp:attachment":[{"href":"https:\/\/www.vigilanterodoviario.com.br\/retro\/wp-json\/wp\/v2\/media?parent=1081"}],"wp:term":[{"taxonomy":"category","embeddable":true,"href":"https:\/\/www.vigilanterodoviario.com.br\/retro\/wp-json\/wp\/v2\/categories?post=1081"},{"taxonomy":"post_tag","embeddable":true,"href":"https:\/\/www.vigilanterodoviario.com.br\/retro\/wp-json\/wp\/v2\/tags?post=1081"}],"curies":[{"name":"wp","href":"https:\/\/api.w.org\/{rel}","templated":true}]}}