{"id":1067,"date":"2020-03-10T14:05:12","date_gmt":"2020-03-10T14:05:12","guid":{"rendered":"http:\/\/www.vigilanterodoviario.com.br\/retro\/?p=1067"},"modified":"2020-03-10T18:53:27","modified_gmt":"2020-03-10T18:53:27","slug":"o-vigilante-rodoviario-estreia-na-tv-brasil","status":"publish","type":"post","link":"https:\/\/www.vigilanterodoviario.com.br\/retro\/o-vigilante-rodoviario-estreia-na-tv-brasil\/","title":{"rendered":"Entrevista para TV Brasil sobre a s\u00e9rie  \u201cO Vigilante Rodovi\u00e1rio\u201d"},"content":{"rendered":"<p><strong>A fam\u00edlia do cineasta Ary Fernandes (in memoriam) concedeu entrevista para TV Brasil sobre a s\u00e9rie &#8216;O Vigilante Rodovi\u00e1rio&#8217;. Ignes Peixoto Fernandes (esposa), Fernando Fernandes (filho) e Vania Fernandes Pesce (filha), reviveram fortes emo\u00e7\u00f5es lembrando do pai, grande \u00edcone do cinema brasileiro, e de suas principais obras.<\/strong><\/p>\n<p><!--more--><br \/>\n<a href=\"http:\/\/www.vigilanterodoviario.com.br\/retro\/wp-content\/uploads\/2020\/03\/A507A007-1BD0-46FE-AF0B-7D42B0DFCD17.jpeg\" rel=\"attachment wp-att-1071\"><img decoding=\"async\" src=\"http:\/\/www.vigilanterodoviario.com.br\/retro\/wp-content\/uploads\/2020\/03\/A507A007-1BD0-46FE-AF0B-7D42B0DFCD17.jpeg\" alt=\"Entrevista para TV Brasil sobre a s\u00e9rie\" width=\"100%\" class=\"aligncenter size-full wp-image-1071\" srcset=\"https:\/\/www.vigilanterodoviario.com.br\/retro\/wp-content\/uploads\/2020\/03\/A507A007-1BD0-46FE-AF0B-7D42B0DFCD17.jpeg 800w, https:\/\/www.vigilanterodoviario.com.br\/retro\/wp-content\/uploads\/2020\/03\/A507A007-1BD0-46FE-AF0B-7D42B0DFCD17-300x225.jpeg 300w, https:\/\/www.vigilanterodoviario.com.br\/retro\/wp-content\/uploads\/2020\/03\/A507A007-1BD0-46FE-AF0B-7D42B0DFCD17-768x576.jpeg 768w\" sizes=\"(max-width: 800px) 100vw, 800px\" \/><\/a><\/p>\n<p><a href=\"http:\/\/www.vigilanterodoviario.com.br\/retro\/wp-content\/uploads\/2020\/03\/C770B717-4F38-4D61-9D23-595F13533206.jpeg\" rel=\"attachment wp-att-1072\"><img decoding=\"async\" src=\"http:\/\/www.vigilanterodoviario.com.br\/retro\/wp-content\/uploads\/2020\/03\/C770B717-4F38-4D61-9D23-595F13533206.jpeg\" alt=\"Entrevista para TV Brasil sobre a s\u00e9rie\" width=\"100%\" class=\"aligncenter size-full wp-image-1072\" srcset=\"https:\/\/www.vigilanterodoviario.com.br\/retro\/wp-content\/uploads\/2020\/03\/C770B717-4F38-4D61-9D23-595F13533206.jpeg 800w, https:\/\/www.vigilanterodoviario.com.br\/retro\/wp-content\/uploads\/2020\/03\/C770B717-4F38-4D61-9D23-595F13533206-300x225.jpeg 300w, https:\/\/www.vigilanterodoviario.com.br\/retro\/wp-content\/uploads\/2020\/03\/C770B717-4F38-4D61-9D23-595F13533206-768x576.jpeg 768w\" sizes=\"(max-width: 800px) 100vw, 800px\" \/><\/a><\/p>\n<p><a href=\"http:\/\/www.vigilanterodoviario.com.br\/retro\/wp-content\/uploads\/2020\/03\/68C14AAE-5E38-4A0A-BBE0-C0DCA9A33B30.jpeg\" rel=\"attachment wp-att-1074\"><img decoding=\"async\" src=\"http:\/\/www.vigilanterodoviario.com.br\/retro\/wp-content\/uploads\/2020\/03\/68C14AAE-5E38-4A0A-BBE0-C0DCA9A33B30.jpeg\" alt=\"Entrevista para TV Brasil sobre a s\u00e9rie  \" width=\"100%\" class=\"aligncenter size-full wp-image-1074\" srcset=\"https:\/\/www.vigilanterodoviario.com.br\/retro\/wp-content\/uploads\/2020\/03\/68C14AAE-5E38-4A0A-BBE0-C0DCA9A33B30.jpeg 600w, https:\/\/www.vigilanterodoviario.com.br\/retro\/wp-content\/uploads\/2020\/03\/68C14AAE-5E38-4A0A-BBE0-C0DCA9A33B30-225x300.jpeg 225w\" sizes=\"(max-width: 600px) 100vw, 600px\" \/><\/a><\/p>\n<p><a href=\"http:\/\/www.vigilanterodoviario.com.br\/retro\/wp-content\/uploads\/2020\/03\/592B1821-C35F-4E22-A501-DA557528A365.jpeg\" rel=\"attachment wp-att-1075\"><img decoding=\"async\" src=\"http:\/\/www.vigilanterodoviario.com.br\/retro\/wp-content\/uploads\/2020\/03\/592B1821-C35F-4E22-A501-DA557528A365.jpeg\" alt=\"Entrevista para TV Brasil sobre a s\u00e9rie  \" width=\"100%\" class=\"aligncenter size-full wp-image-1075\" srcset=\"https:\/\/www.vigilanterodoviario.com.br\/retro\/wp-content\/uploads\/2020\/03\/592B1821-C35F-4E22-A501-DA557528A365.jpeg 600w, https:\/\/www.vigilanterodoviario.com.br\/retro\/wp-content\/uploads\/2020\/03\/592B1821-C35F-4E22-A501-DA557528A365-225x300.jpeg 225w\" sizes=\"(max-width: 600px) 100vw, 600px\" \/><\/a><\/p>\n","protected":false},"excerpt":{"rendered":"<p>A fam\u00edlia do cineasta Ary Fernandes (in memoriam) concedeu entrevista para TV Brasil sobre a s\u00e9rie &#8216;O Vigilante Rodovi\u00e1rio&#8217;. Ignes Peixoto Fernandes (esposa), Fernando Fernandes (filho) e Vania Fernandes Pesce (filha), reviveram fortes emo\u00e7\u00f5es lembrando do pai, grande \u00edcone do cinema brasileiro, e de suas principais obras.<\/p>\n","protected":false},"author":2,"featured_media":1070,"comment_status":"closed","ping_status":"open","sticky":false,"template":"","format":"standard","meta":{"footnotes":""},"categories":[6],"tags":[],"class_list":["post-1067","post","type-post","status-publish","format-standard","has-post-thumbnail","hentry","category-noticias"],"_links":{"self":[{"href":"https:\/\/www.vigilanterodoviario.com.br\/retro\/wp-json\/wp\/v2\/posts\/1067","targetHints":{"allow":["GET"]}}],"collection":[{"href":"https:\/\/www.vigilanterodoviario.com.br\/retro\/wp-json\/wp\/v2\/posts"}],"about":[{"href":"https:\/\/www.vigilanterodoviario.com.br\/retro\/wp-json\/wp\/v2\/types\/post"}],"author":[{"embeddable":true,"href":"https:\/\/www.vigilanterodoviario.com.br\/retro\/wp-json\/wp\/v2\/users\/2"}],"replies":[{"embeddable":true,"href":"https:\/\/www.vigilanterodoviario.com.br\/retro\/wp-json\/wp\/v2\/comments?post=1067"}],"version-history":[{"count":0,"href":"https:\/\/www.vigilanterodoviario.com.br\/retro\/wp-json\/wp\/v2\/posts\/1067\/revisions"}],"wp:featuredmedia":[{"embeddable":true,"href":"https:\/\/www.vigilanterodoviario.com.br\/retro\/wp-json\/wp\/v2\/media\/1070"}],"wp:attachment":[{"href":"https:\/\/www.vigilanterodoviario.com.br\/retro\/wp-json\/wp\/v2\/media?parent=1067"}],"wp:term":[{"taxonomy":"category","embeddable":true,"href":"https:\/\/www.vigilanterodoviario.com.br\/retro\/wp-json\/wp\/v2\/categories?post=1067"},{"taxonomy":"post_tag","embeddable":true,"href":"https:\/\/www.vigilanterodoviario.com.br\/retro\/wp-json\/wp\/v2\/tags?post=1067"}],"curies":[{"name":"wp","href":"https:\/\/api.w.org\/{rel}","templated":true}]}}