{"id":1027,"date":"2019-10-15T02:29:57","date_gmt":"2019-10-15T02:29:57","guid":{"rendered":"http:\/\/www.vigilanterodoviario.com.br\/retro\/?p=1027"},"modified":"2019-10-15T02:43:30","modified_gmt":"2019-10-15T02:43:30","slug":"fotos-reinauguracao-auditorio-ary-fernandes","status":"publish","type":"post","link":"https:\/\/www.vigilanterodoviario.com.br\/retro\/fotos-reinauguracao-auditorio-ary-fernandes\/","title":{"rendered":"Fotos: Reinaugura\u00e7\u00e3o Audit\u00f3rio Ary Fernandes"},"content":{"rendered":"<p><strong>No \u00faltimo dia 10\/10\/2019, foi reinaugurado o Audit\u00f3rio Ary Fernandes, espa\u00e7o cultural localizado dentro da <a href=\"http:\/\/www.fab.mil.br\/organizacoes\/mostra\/51\/Base%20A%C3%A9rea%20de%20S%C3%A3o%20Paulo\" rel=\"noopener\" target=\"_blank\">BASP &#8211; Base A\u00e9rea de S\u00e3o Paulo<\/a>, em Cumbica, Guarulhos. <a href=\"http:\/\/www.vigilanterodoviario.com.br\/retro\/fotos-reinauguracao-auditorio-ary-fernandes\/\">Clique aqui<\/a> para conferir as fotos!<\/strong><\/p>\n<p><!--more--><a href=\"http:\/\/www.vigilanterodoviario.com.br\/retro\/wp-content\/uploads\/2019\/10\/89D97FE1-24BA-42DE-BE1B-E666D088AEA8.jpeg\" rel=\"attachment wp-att-1031\"><img decoding=\"async\" src=\"http:\/\/www.vigilanterodoviario.com.br\/retro\/wp-content\/uploads\/2019\/10\/89D97FE1-24BA-42DE-BE1B-E666D088AEA8.jpeg\" alt=\"Reinaugura\u00e7\u00e3o Audit\u00f3rio Ary Fernandes\" width=\"100%\" class=\"aligncenter size-full wp-image-1031\" srcset=\"https:\/\/www.vigilanterodoviario.com.br\/retro\/wp-content\/uploads\/2019\/10\/89D97FE1-24BA-42DE-BE1B-E666D088AEA8.jpeg 800w, https:\/\/www.vigilanterodoviario.com.br\/retro\/wp-content\/uploads\/2019\/10\/89D97FE1-24BA-42DE-BE1B-E666D088AEA8-300x225.jpeg 300w, https:\/\/www.vigilanterodoviario.com.br\/retro\/wp-content\/uploads\/2019\/10\/89D97FE1-24BA-42DE-BE1B-E666D088AEA8-768x576.jpeg 768w\" sizes=\"(max-width: 800px) 100vw, 800px\" \/><\/a><\/p>\n<p><a href=\"http:\/\/www.vigilanterodoviario.com.br\/retro\/wp-content\/uploads\/2019\/10\/699D4E89-A5B9-4559-AB55-439621FD0D68.jpeg\" rel=\"attachment wp-att-1032\"><img decoding=\"async\" src=\"http:\/\/www.vigilanterodoviario.com.br\/retro\/wp-content\/uploads\/2019\/10\/699D4E89-A5B9-4559-AB55-439621FD0D68.jpeg\" alt=\"Reinaugura\u00e7\u00e3o Audit\u00f3rio Ary Fernandes\" width=\"100%\" class=\"aligncenter size-full wp-image-1032\" srcset=\"https:\/\/www.vigilanterodoviario.com.br\/retro\/wp-content\/uploads\/2019\/10\/699D4E89-A5B9-4559-AB55-439621FD0D68.jpeg 800w, https:\/\/www.vigilanterodoviario.com.br\/retro\/wp-content\/uploads\/2019\/10\/699D4E89-A5B9-4559-AB55-439621FD0D68-300x225.jpeg 300w, https:\/\/www.vigilanterodoviario.com.br\/retro\/wp-content\/uploads\/2019\/10\/699D4E89-A5B9-4559-AB55-439621FD0D68-768x576.jpeg 768w\" sizes=\"(max-width: 800px) 100vw, 800px\" \/><\/a><\/p>\n<p><a href=\"http:\/\/www.vigilanterodoviario.com.br\/retro\/wp-content\/uploads\/2019\/10\/3015B8D9-16A3-46EE-9497-6B3D58333002.jpeg\" rel=\"attachment wp-att-1033\"><img decoding=\"async\" src=\"http:\/\/www.vigilanterodoviario.com.br\/retro\/wp-content\/uploads\/2019\/10\/3015B8D9-16A3-46EE-9497-6B3D58333002.jpeg\" alt=\"Reinaugura\u00e7\u00e3o Audit\u00f3rio Ary Fernandes\" width=\"100%\" class=\"aligncenter size-full wp-image-1033\" srcset=\"https:\/\/www.vigilanterodoviario.com.br\/retro\/wp-content\/uploads\/2019\/10\/3015B8D9-16A3-46EE-9497-6B3D58333002.jpeg 800w, https:\/\/www.vigilanterodoviario.com.br\/retro\/wp-content\/uploads\/2019\/10\/3015B8D9-16A3-46EE-9497-6B3D58333002-300x169.jpeg 300w, https:\/\/www.vigilanterodoviario.com.br\/retro\/wp-content\/uploads\/2019\/10\/3015B8D9-16A3-46EE-9497-6B3D58333002-768x432.jpeg 768w\" sizes=\"(max-width: 800px) 100vw, 800px\" \/><\/a><\/p>\n<p><a href=\"http:\/\/www.vigilanterodoviario.com.br\/retro\/wp-content\/uploads\/2019\/10\/24910D45-C911-496B-83A7-ECE83D180F94.jpeg\" rel=\"attachment wp-att-1034\"><img decoding=\"async\" src=\"http:\/\/www.vigilanterodoviario.com.br\/retro\/wp-content\/uploads\/2019\/10\/24910D45-C911-496B-83A7-ECE83D180F94.jpeg\" alt=\"Reinaugura\u00e7\u00e3o Audit\u00f3rio Ary Fernandes\" width=\"100%\" class=\"aligncenter size-full wp-image-1034\" srcset=\"https:\/\/www.vigilanterodoviario.com.br\/retro\/wp-content\/uploads\/2019\/10\/24910D45-C911-496B-83A7-ECE83D180F94.jpeg 600w, https:\/\/www.vigilanterodoviario.com.br\/retro\/wp-content\/uploads\/2019\/10\/24910D45-C911-496B-83A7-ECE83D180F94-225x300.jpeg 225w\" sizes=\"(max-width: 600px) 100vw, 600px\" \/><\/a><\/p>\n<p><a href=\"http:\/\/www.vigilanterodoviario.com.br\/retro\/wp-content\/uploads\/2019\/10\/C2FD71EE-CCFD-4F67-B92B-E45BD0E666AE.jpeg\" rel=\"attachment wp-att-1035\"><img decoding=\"async\" src=\"http:\/\/www.vigilanterodoviario.com.br\/retro\/wp-content\/uploads\/2019\/10\/C2FD71EE-CCFD-4F67-B92B-E45BD0E666AE.jpeg\" alt=\"Reinaugura\u00e7\u00e3o Audit\u00f3rio Ary Fernandes\" width=\"100%\" class=\"aligncenter size-full wp-image-1035\" srcset=\"https:\/\/www.vigilanterodoviario.com.br\/retro\/wp-content\/uploads\/2019\/10\/C2FD71EE-CCFD-4F67-B92B-E45BD0E666AE.jpeg 800w, https:\/\/www.vigilanterodoviario.com.br\/retro\/wp-content\/uploads\/2019\/10\/C2FD71EE-CCFD-4F67-B92B-E45BD0E666AE-300x169.jpeg 300w, https:\/\/www.vigilanterodoviario.com.br\/retro\/wp-content\/uploads\/2019\/10\/C2FD71EE-CCFD-4F67-B92B-E45BD0E666AE-768x432.jpeg 768w\" sizes=\"(max-width: 800px) 100vw, 800px\" \/><\/a><\/p>\n<p><a href=\"http:\/\/www.vigilanterodoviario.com.br\/retro\/wp-content\/uploads\/2019\/10\/EB0B40C5-2E8D-4141-857A-2D281DB02B66.jpeg\" rel=\"attachment wp-att-1036\"><img decoding=\"async\" src=\"http:\/\/www.vigilanterodoviario.com.br\/retro\/wp-content\/uploads\/2019\/10\/EB0B40C5-2E8D-4141-857A-2D281DB02B66.jpeg\" alt=\"Reinaugura\u00e7\u00e3o Audit\u00f3rio Ary Fernandes\" width=\"100%\" class=\"aligncenter size-full wp-image-1036\" srcset=\"https:\/\/www.vigilanterodoviario.com.br\/retro\/wp-content\/uploads\/2019\/10\/EB0B40C5-2E8D-4141-857A-2D281DB02B66.jpeg 800w, https:\/\/www.vigilanterodoviario.com.br\/retro\/wp-content\/uploads\/2019\/10\/EB0B40C5-2E8D-4141-857A-2D281DB02B66-300x225.jpeg 300w, https:\/\/www.vigilanterodoviario.com.br\/retro\/wp-content\/uploads\/2019\/10\/EB0B40C5-2E8D-4141-857A-2D281DB02B66-768x576.jpeg 768w\" sizes=\"(max-width: 800px) 100vw, 800px\" \/><\/a><\/p>\n<p><a href=\"http:\/\/www.vigilanterodoviario.com.br\/retro\/wp-content\/uploads\/2019\/10\/2BACD4BF-2444-45EE-9A03-23A88706721C.jpeg\" rel=\"attachment wp-att-1030\"><img decoding=\"async\" src=\"http:\/\/www.vigilanterodoviario.com.br\/retro\/wp-content\/uploads\/2019\/10\/2BACD4BF-2444-45EE-9A03-23A88706721C.jpeg\" alt=\"Reinaugura\u00e7\u00e3o Audit\u00f3rio Ary Fernandes\" width=\"100%\" class=\"aligncenter size-full wp-image-1030\" srcset=\"https:\/\/www.vigilanterodoviario.com.br\/retro\/wp-content\/uploads\/2019\/10\/2BACD4BF-2444-45EE-9A03-23A88706721C.jpeg 800w, https:\/\/www.vigilanterodoviario.com.br\/retro\/wp-content\/uploads\/2019\/10\/2BACD4BF-2444-45EE-9A03-23A88706721C-300x169.jpeg 300w, https:\/\/www.vigilanterodoviario.com.br\/retro\/wp-content\/uploads\/2019\/10\/2BACD4BF-2444-45EE-9A03-23A88706721C-768x432.jpeg 768w\" sizes=\"(max-width: 800px) 100vw, 800px\" \/><\/a><\/p>\n<p><a href=\"http:\/\/www.vigilanterodoviario.com.br\/retro\/wp-content\/uploads\/2019\/10\/CB766B26-F9BC-42CE-9618-ADC88682E515.jpeg\" rel=\"attachment wp-att-1028\"><img decoding=\"async\" src=\"http:\/\/www.vigilanterodoviario.com.br\/retro\/wp-content\/uploads\/2019\/10\/CB766B26-F9BC-42CE-9618-ADC88682E515.jpeg\" alt=\"Audit\u00f3rio Ary Fernandes\" width=\"100%\" class=\"aligncenter size-full wp-image-1028\" srcset=\"https:\/\/www.vigilanterodoviario.com.br\/retro\/wp-content\/uploads\/2019\/10\/CB766B26-F9BC-42CE-9618-ADC88682E515.jpeg 800w, https:\/\/www.vigilanterodoviario.com.br\/retro\/wp-content\/uploads\/2019\/10\/CB766B26-F9BC-42CE-9618-ADC88682E515-300x225.jpeg 300w, https:\/\/www.vigilanterodoviario.com.br\/retro\/wp-content\/uploads\/2019\/10\/CB766B26-F9BC-42CE-9618-ADC88682E515-768x576.jpeg 768w\" sizes=\"(max-width: 800px) 100vw, 800px\" \/><\/a><\/p>\n","protected":false},"excerpt":{"rendered":"<p>No \u00faltimo dia 10\/10\/2019, foi reinaugurado o Audit\u00f3rio Ary Fernandes, espa\u00e7o cultural localizado dentro da BASP &#8211; Base A\u00e9rea de S\u00e3o Paulo, em Cumbica, Guarulhos. Clique aqui para conferir as fotos!<\/p>\n","protected":false},"author":2,"featured_media":1028,"comment_status":"closed","ping_status":"open","sticky":false,"template":"","format":"standard","meta":{"footnotes":""},"categories":[6,2],"tags":[],"class_list":["post-1027","post","type-post","status-publish","format-standard","has-post-thumbnail","hentry","category-noticias","category-novidades"],"_links":{"self":[{"href":"https:\/\/www.vigilanterodoviario.com.br\/retro\/wp-json\/wp\/v2\/posts\/1027","targetHints":{"allow":["GET"]}}],"collection":[{"href":"https:\/\/www.vigilanterodoviario.com.br\/retro\/wp-json\/wp\/v2\/posts"}],"about":[{"href":"https:\/\/www.vigilanterodoviario.com.br\/retro\/wp-json\/wp\/v2\/types\/post"}],"author":[{"embeddable":true,"href":"https:\/\/www.vigilanterodoviario.com.br\/retro\/wp-json\/wp\/v2\/users\/2"}],"replies":[{"embeddable":true,"href":"https:\/\/www.vigilanterodoviario.com.br\/retro\/wp-json\/wp\/v2\/comments?post=1027"}],"version-history":[{"count":0,"href":"https:\/\/www.vigilanterodoviario.com.br\/retro\/wp-json\/wp\/v2\/posts\/1027\/revisions"}],"wp:featuredmedia":[{"embeddable":true,"href":"https:\/\/www.vigilanterodoviario.com.br\/retro\/wp-json\/wp\/v2\/media\/1028"}],"wp:attachment":[{"href":"https:\/\/www.vigilanterodoviario.com.br\/retro\/wp-json\/wp\/v2\/media?parent=1027"}],"wp:term":[{"taxonomy":"category","embeddable":true,"href":"https:\/\/www.vigilanterodoviario.com.br\/retro\/wp-json\/wp\/v2\/categories?post=1027"},{"taxonomy":"post_tag","embeddable":true,"href":"https:\/\/www.vigilanterodoviario.com.br\/retro\/wp-json\/wp\/v2\/tags?post=1027"}],"curies":[{"name":"wp","href":"https:\/\/api.w.org\/{rel}","templated":true}]}}