{"id":1012,"date":"2019-02-25T22:30:39","date_gmt":"2019-02-25T22:30:39","guid":{"rendered":"http:\/\/www.vigilanterodoviario.com.br\/retro\/?p=1012"},"modified":"2022-02-11T17:51:31","modified_gmt":"2022-02-11T17:51:31","slug":"carnaval-de-sao-paulo-perde-mestre-sabu","status":"publish","type":"post","link":"https:\/\/www.vigilanterodoviario.com.br\/retro\/carnaval-de-sao-paulo-perde-mestre-sabu\/","title":{"rendered":"Carnaval de S\u00e3o Paulo perde Mestre Sabu"},"content":{"rendered":"<p>Locutor oficial do samb\u00f3dromo do Anhembi, Jurandir Oliveira, conhecido como Mestre Sabu, faleceu nesta segunda-feira (25), aos 92 anos, em Mar\u00edlia, no interior de S\u00e3o Paulo. Tamb\u00e9m foi ator, fez filmes e s\u00e9ries na extinta TV Tupi, como &#8220;O Vigilante Rodovi\u00e1rio&#8221; e &#8220;\u00c1guias de Fogo&#8221;.<\/p>\n<p><!--more-->Participou de cinco filmes nacionais, al\u00e9m da primeira s\u00e9rie da TV brasileira \u2018O Vigilante Rodovi\u00e1rio\u2019, de 1961. \u201cFazia um g\u00e2ngster, com a atriz Rosa Maria Murtinho\u201d, disse em entrevista no ano de 2011.<\/p>\n<p>Mineiro de Itajub\u00e1, Mestre Sabu mudou-se para S\u00e3o Paulo em 1940, aos 13 anos. Trabalhou como lavador de carros e chegou a dormir em bancos nas pra\u00e7as da Rep\u00fablica e Luz.<\/p>\n<p>Segundo a Liga das Escolas de Samba de S\u00e3o Paulo (Liga SP), sua trajet\u00f3ria come\u00e7ou quando participou pela primeira vez dos desfiles na Avenida S\u00e3o Jo\u00e3o, em 1974, e marcou presen\u00e7a para acompanhar o evento como funcion\u00e1rio da Prefeitura de S\u00e3o Paulo.<\/p>\n<p><a href=\"https:\/\/noticiaviva.com\/wp-content\/uploads\/2019\/02\/fbsimg15511447458182.jpg\"><img loading=\"lazy\" decoding=\"async\" class=\"aligncenter size-full\" src=\"https:\/\/noticiaviva.com\/wp-content\/uploads\/2019\/02\/fbsimg15511447458182.jpg\" width=\"500\" height=\"331\" \/><\/a><\/p>\n<p>Na ocasi\u00e3o, foi surpreendido por um pedido: \u201cO locutor n\u00e3o tinha ido e o rapaz da secretaria de esporte, o Armando Sim\u00f5es Neto, pediu para eu subir e apresentar&#8221;, contava ele, que lan\u00e7ou na \u00e9poca o jarg\u00e3o &#8220;A passarela \u00e9 de voc\u00eas! Arrepia, rapaziada!&#8221;.<\/p>\n<p>Mestre Sabu tornou-se a voz oficial do Samb\u00f3dromo do Anhembi, inaugurado em 1991. As frases \u201ca passarela \u00e9 de voc\u00eas. Arrepia rapazeada\u201d e \u201cn\u00e3o haver\u00e1 chuva na noite de hoje\u201d est\u00e3o entre as mais marcantes do locutor.<\/p>\n<p><img decoding=\"async\" class=\"aligncenter\" src=\"http:\/\/www.portalterceiraidade.org.br\/images\/materias9b\/foto1329.jpg\" width=\"100%\" \/><\/p>\n<p>A Liga SP &#8220;, lamenta essa perda irrepar\u00e1vel para o Carnaval da nossa cidade e registra a solidariedade aos amigos e familiares neste momento dif\u00edcil&#8221;. O corpo de Mestre Sabu ser\u00e1 velado na Sala 7 do Vel\u00f3rio Municipal de Mar\u00edlia e o sepultamento est\u00e1 previsto para \u00e0s 17h30 desta segunda.<\/p>\n<hr \/>\n<p><em>Mat\u00e9ria: <a href=\"https:\/\/g1.globo.com\/sp\/sao-paulo\/carnaval\/2019\/noticia\/2019\/02\/25\/morre-aos-92-anos-mestre-sabu-locutor-oficial-do-carnaval-de-sp.ghtml\" target=\"_blank\" rel=\"noopener\">Dalton Ferreira, TV Globo<\/a> <\/em><\/p>\n","protected":false},"excerpt":{"rendered":"<p>Locutor oficial do samb\u00f3dromo do Anhembi, Jurandir Oliveira, conhecido como Mestre Sabu, faleceu nesta segunda-feira (25), aos 92 anos, em Mar\u00edlia, no interior de S\u00e3o Paulo. Tamb\u00e9m foi ator, fez filmes e s\u00e9ries na extinta TV Tupi, como &#8220;O Vigilante Rodovi\u00e1rio&#8221; e &#8220;\u00c1guias de Fogo&#8221;.<\/p>\n","protected":false},"author":2,"featured_media":1013,"comment_status":"closed","ping_status":"open","sticky":false,"template":"","format":"standard","meta":{"footnotes":""},"categories":[6],"tags":[],"class_list":["post-1012","post","type-post","status-publish","format-standard","has-post-thumbnail","hentry","category-noticias"],"_links":{"self":[{"href":"https:\/\/www.vigilanterodoviario.com.br\/retro\/wp-json\/wp\/v2\/posts\/1012","targetHints":{"allow":["GET"]}}],"collection":[{"href":"https:\/\/www.vigilanterodoviario.com.br\/retro\/wp-json\/wp\/v2\/posts"}],"about":[{"href":"https:\/\/www.vigilanterodoviario.com.br\/retro\/wp-json\/wp\/v2\/types\/post"}],"author":[{"embeddable":true,"href":"https:\/\/www.vigilanterodoviario.com.br\/retro\/wp-json\/wp\/v2\/users\/2"}],"replies":[{"embeddable":true,"href":"https:\/\/www.vigilanterodoviario.com.br\/retro\/wp-json\/wp\/v2\/comments?post=1012"}],"version-history":[{"count":1,"href":"https:\/\/www.vigilanterodoviario.com.br\/retro\/wp-json\/wp\/v2\/posts\/1012\/revisions"}],"predecessor-version":[{"id":1198,"href":"https:\/\/www.vigilanterodoviario.com.br\/retro\/wp-json\/wp\/v2\/posts\/1012\/revisions\/1198"}],"wp:featuredmedia":[{"embeddable":true,"href":"https:\/\/www.vigilanterodoviario.com.br\/retro\/wp-json\/wp\/v2\/media\/1013"}],"wp:attachment":[{"href":"https:\/\/www.vigilanterodoviario.com.br\/retro\/wp-json\/wp\/v2\/media?parent=1012"}],"wp:term":[{"taxonomy":"category","embeddable":true,"href":"https:\/\/www.vigilanterodoviario.com.br\/retro\/wp-json\/wp\/v2\/categories?post=1012"},{"taxonomy":"post_tag","embeddable":true,"href":"https:\/\/www.vigilanterodoviario.com.br\/retro\/wp-json\/wp\/v2\/tags?post=1012"}],"curies":[{"name":"wp","href":"https:\/\/api.w.org\/{rel}","templated":true}]}}